{"id":157540,"date":"2020-03-12T07:29:23","date_gmt":"2020-03-12T10:29:23","guid":{"rendered":"http:\/\/www.caririemacao.com\/1\/?p=157540"},"modified":"2020-03-12T07:29:49","modified_gmt":"2020-03-12T10:29:49","slug":"monteirenses-agradecem-servicos-oferecidos-pela-prefeitura-de-monteiro","status":"publish","type":"post","link":"https:\/\/www.caririemacao.com\/1\/2020\/03\/12\/monteirenses-agradecem-servicos-oferecidos-pela-prefeitura-de-monteiro\/","title":{"rendered":"Monteirenses agradecem servi\u00e7os oferecidos pela Prefeitura de Monteiro"},"content":{"rendered":"\n<figure class=\"wp-block-image\"><a href=\"http:\/\/hora1pb.com.br\/wp-content\/uploads\/2020\/03\/4AC4E867-4CFB-4C53-BF6E-504282290DFE.jpeg\"><img decoding=\"async\" data-src=\"http:\/\/hora1pb.com.br\/wp-content\/uploads\/2020\/03\/4AC4E867-4CFB-4C53-BF6E-504282290DFE-800x445.jpeg\" alt=\"\" src=\"data:image\/svg+xml;base64,PHN2ZyB3aWR0aD0iMSIgaGVpZ2h0PSIxIiB4bWxucz0iaHR0cDovL3d3dy53My5vcmcvMjAwMC9zdmciPjwvc3ZnPg==\" class=\"lazyload\" style=\"--smush-placeholder-width: 800px; --smush-placeholder-aspect-ratio: 800\/445;\" \/><\/a><\/figure>\n\n\n\n<figure><iframe width=\"100%\" height=\"50\" data-src=\"https:\/\/audio.audima.co\/iframe-thin-local.html?skin=thin&amp;statistic=false\" src=\"data:image\/svg+xml;base64,PHN2ZyB3aWR0aD0iMSIgaGVpZ2h0PSIxIiB4bWxucz0iaHR0cDovL3d3dy53My5vcmcvMjAwMC9zdmciPjwvc3ZnPg==\" class=\"lazyload\" data-load-mode=\"1\"><\/iframe><\/figure>\n\n\n\n<figure><iframe width=\"320\" height=\"50\"><\/iframe><\/figure>\n\n\n\n<p>A Prefeitura de Monteiro na administra\u00e7\u00e3o da prefeita Anna Lorena vem desde 2017 investindo em diversas \u00e1reas beneficiando a sa\u00fade, agricultura, infraestrutura e demais setores. Em conjunto com essas melhorias, a gestora tamb\u00e9m estimula as comunidades a se aproximarem do poder executivo atrav\u00e9s do di\u00e1logo.<\/p>\n\n\n\n<p>\u201cA parceria com as associa\u00e7\u00f5es rurais e a realiza\u00e7\u00e3o dos trabalhos s\u00e3o muito importantes porque os presidentes das associa\u00e7\u00f5es vieram ter valor e vez agora na administra\u00e7\u00e3o da prefeita Anna Lorena. A gente tem que agradecer a Deus porque o trabalho dela \u00e9 de muita compet\u00eancia. Estou satisfeita porque a gente quando vem pedir qualquer coisa ela sempre atende a comunidade. Aqui est\u00e1 parecendo uma cidade do tanto que melhorou\u201d, disse Francisca de Paula do S\u00edtio Extrema.<\/p>\n\n\n\n<p>Estas a\u00e7\u00f5es rendem a satisfa\u00e7\u00e3o da popula\u00e7\u00e3o, seja na zona urbana quanto rural, a exemplo do tratamento com espuma ecoguiada, um servi\u00e7o pioneiro na Para\u00edba oferecido atrav\u00e9s de recursos pr\u00f3prios. Para o senhor Inaildo residente na comunidade da Santana, o servi\u00e7o bem como o atendimento melhoraram sua qualidade de vida, conforme conta. \u201cO atendimento \u00e9 maravilhoso. Eu estava com um problema nas veias e estou fazendo o tratamento e estou muito feliz gra\u00e7as a Deus. Eu moro no s\u00edtio e tenho que andar de moto e tudo isso era problema. Ainda agrade\u00e7o a prefeita que est\u00e1 fazendo um servi\u00e7o na passagem molhada da Santana. T\u00e1 todo mundo feliz\u201d.<\/p>\n\n\n\n<p>J\u00e1 a senhora Antonia Clementina comenta: \u201c\u00c9 a primeira vez que passo aqui nessa especialidade. Eu passo no PSF 08 e era atendida no Clementino Fraga, mas agora acho bom vir pra c\u00e1 porque n\u00e3o preciso viajar\u201d. E o paciente Jos\u00e9 Edilson do S\u00edtio Aroeiras completa: \u201cFui pra Campina v\u00e1rias vezes e n\u00e3o consegui atendimento. Mas agora aqui t\u00e1 tudo certo. To satisfeito\u201d.<\/p>\n\n\n\n<p>Na vida do homem do campo, as a\u00e7\u00f5es da Prefeitura podem ser vistas por todos os lados, e um ponto importante em que a prefeita Anna Lorena vem investindo \u00e9 na tradicional Feira do Gado. No local est\u00e3o uma balan\u00e7a e nas \u00faltimas semanas os animais comercializados pelos produtores contam com bebedouros, e sobre isso o senhor Manoel \u00c2ngelo disse: \u201c Esta foi uma boa id\u00e9ia porque agora os bichinhos tem \u00e1gua pra beber. Essa Feira \u00e9 uma das maiores e est\u00e1 ficando cada vez melhor porque a gente vem tendo condi\u00e7\u00f5es de trabalhar. Melhorou bastante\u201d.<\/p>\n\n\n\n<p>J\u00e1 o produtor Fernando de Oz\u00f3rio faz quest\u00e3o de frisar a import\u00e2ncia deste benef\u00edcio dizendo: \u201cFoi uma boa id\u00e9ia, porque os animais vem com sede e foi muito importante, assim como a balan\u00e7a foi muito bom, bom demais, precisava.\u201d E o criador Tupa da Serra do Moc\u00f3 complementa: \u201cFoi um servi\u00e7o que todo mundo queria e ela fez. Ela t\u00e1 ajeitando as estradas e isso \u00e9 bom tamb\u00e9m\u201d.<\/p>\n\n\n\n<p>Na infraestrutura, Anna Lorena vem realizando as obras anunciadas nos Programas Cidade do Trabalho I e II e um dos destaques s\u00e3o as ruas que ganham pavimenta\u00e7\u00e3o em paralelep\u00edpedo. Um dos moradores da Rua Sebasti\u00e3o Aquino destaca a luta dos moradores e a compet\u00eancia da gestora em conseguir realizar a melhoria. \u201cFoi uma bravura e um orgulho ter esse cal\u00e7amento aqui, agrade\u00e7o muito a Lorena. Ela cal\u00e7ou e est\u00e1 todo mundo grato. Aqui tinha muita poeira e agora valorizou. Ela disse que ia fazer e fez \u00e9 dando que se recebe, estou com ela e posso dizer que sou porque sou aposentando e n\u00e3o ganho nada de ningu\u00e9m. Estamos muito orgulhosos com isso, foi uma luta nossa que pediu e da prefeita que realizou\u201d.<\/p>\n\n\n\n<p>Sobre os feedbacks recebidos pela administra\u00e7\u00e3o a gestora comemora: \u201cMeu cora\u00e7\u00e3o se enche de felicidade em saber que nossas equipes trabalham e recebem o reconhecimento das comunidades. Somos uma administra\u00e7\u00e3o que visa fazer de Monteiro uma cidade cada vez melhor e mesmo em meio a tantas pessoas que buscam nos denegrir, nosso trabalho fala mais alto, fala pela boca da pr\u00f3pria popula\u00e7\u00e3o e este \u00e9 o melhor agradecimento que podemos receber\u201d.<\/p>\n\n\n\n<p>Para solicitar qualquer atendimento das secretarias municipais e fazer sugest\u00f5es, a Prefeitura oferece o servi\u00e7o da Ouvidoria Municipal que atua de segunda a sexta-feira das 08 \u00e0s 12 pelo n\u00famero&nbsp;<a href=\"tel:0800%20095%201553\">0800 095 1553<\/a>.<\/p>\n\n\n\n<p>ASCOM<\/p>\n\n\n\n<div class=\"wp-block-image\"><figure class=\"aligncenter\"><img decoding=\"async\" data-src=\"http:\/\/hora1pb.com.br\/wp-content\/uploads\/2020\/03\/D705271B-D598-45C0-AB87-EF900DEDCE3D-300x218.jpeg\" alt=\"\" class=\"wp-image-17965 lazyload\" src=\"data:image\/svg+xml;base64,PHN2ZyB3aWR0aD0iMSIgaGVpZ2h0PSIxIiB4bWxucz0iaHR0cDovL3d3dy53My5vcmcvMjAwMC9zdmciPjwvc3ZnPg==\" style=\"--smush-placeholder-width: 300px; --smush-placeholder-aspect-ratio: 300\/218;\" \/><\/figure><\/div>\n\n\n\n<p>,<\/p>\n\n\n\n<div class=\"wp-block-image\"><figure class=\"aligncenter\"><img decoding=\"async\" data-src=\"http:\/\/hora1pb.com.br\/wp-content\/uploads\/2020\/03\/8E188A48-88E3-491E-863E-7FE3B118EA9A-300x225.jpeg\" alt=\"\" class=\"wp-image-17966 lazyload\" src=\"data:image\/svg+xml;base64,PHN2ZyB3aWR0aD0iMSIgaGVpZ2h0PSIxIiB4bWxucz0iaHR0cDovL3d3dy53My5vcmcvMjAwMC9zdmciPjwvc3ZnPg==\" style=\"--smush-placeholder-width: 300px; --smush-placeholder-aspect-ratio: 300\/225;\" \/><\/figure><\/div>\n","protected":false},"excerpt":{"rendered":"<p>A Prefeitura de Monteiro na administra\u00e7\u00e3o da prefeita Anna Lorena vem desde 2017 investindo em diversas \u00e1reas beneficiando a sa\u00fade, agricultura, infraestrutura e demais setores.&hellip; <\/p>\n","protected":false},"author":2,"featured_media":157541,"comment_status":"closed","ping_status":"closed","sticky":false,"template":"","format":"standard","meta":{"sfsi_plus_gutenberg_text_before_share":"","sfsi_plus_gutenberg_show_text_before_share":"","sfsi_plus_gutenberg_icon_type":"","sfsi_plus_gutenberg_icon_alignemt":"","sfsi_plus_gutenburg_max_per_row":"","footnotes":""},"categories":[2],"tags":[],"class_list":["post-157540","post","type-post","status-publish","format-standard","has-post-thumbnail","hentry","category-geral"],"_links":{"self":[{"href":"https:\/\/www.caririemacao.com\/1\/wp-json\/wp\/v2\/posts\/157540","targetHints":{"allow":["GET"]}}],"collection":[{"href":"https:\/\/www.caririemacao.com\/1\/wp-json\/wp\/v2\/posts"}],"about":[{"href":"https:\/\/www.caririemacao.com\/1\/wp-json\/wp\/v2\/types\/post"}],"author":[{"embeddable":true,"href":"https:\/\/www.caririemacao.com\/1\/wp-json\/wp\/v2\/users\/2"}],"replies":[{"embeddable":true,"href":"https:\/\/www.caririemacao.com\/1\/wp-json\/wp\/v2\/comments?post=157540"}],"version-history":[{"count":2,"href":"https:\/\/www.caririemacao.com\/1\/wp-json\/wp\/v2\/posts\/157540\/revisions"}],"predecessor-version":[{"id":157543,"href":"https:\/\/www.caririemacao.com\/1\/wp-json\/wp\/v2\/posts\/157540\/revisions\/157543"}],"wp:featuredmedia":[{"embeddable":true,"href":"https:\/\/www.caririemacao.com\/1\/wp-json\/wp\/v2\/media\/157541"}],"wp:attachment":[{"href":"https:\/\/www.caririemacao.com\/1\/wp-json\/wp\/v2\/media?parent=157540"}],"wp:term":[{"taxonomy":"category","embeddable":true,"href":"https:\/\/www.caririemacao.com\/1\/wp-json\/wp\/v2\/categories?post=157540"},{"taxonomy":"post_tag","embeddable":true,"href":"https:\/\/www.caririemacao.com\/1\/wp-json\/wp\/v2\/tags?post=157540"}],"curies":[{"name":"wp","href":"https:\/\/api.w.org\/{rel}","templated":true}]}}