{"id":157547,"date":"2020-03-12T08:01:10","date_gmt":"2020-03-12T11:01:10","guid":{"rendered":"http:\/\/www.caririemacao.com\/1\/?p=157547"},"modified":"2020-03-12T08:01:11","modified_gmt":"2020-03-12T11:01:11","slug":"congresso-derruba-veto-e-amplia-alcance-do-bpc","status":"publish","type":"post","link":"https:\/\/www.caririemacao.com\/1\/2020\/03\/12\/congresso-derruba-veto-e-amplia-alcance-do-bpc\/","title":{"rendered":"Congresso derruba veto e amplia alcance do BPC"},"content":{"rendered":"\n<p>Ap\u00f3s cerca de cinco horas de discuss\u00e3o, o veto do presidente Jair Bolsonaro ao projeto que aumenta o limite da renda familiar para recebimento do Benef\u00edcio de Presta\u00e7\u00e3o Continuada (BPC) foi derrubado. A derrubada do veto come\u00e7ou pelo Senado, com 45 votos contr\u00e1rios, contra 14 favor\u00e1veis. Na C\u00e2mara, o veto foi derrubado com 302 votos a 137. A mat\u00e9ria vai \u00e0 promulga\u00e7\u00e3o.<\/p>\n\n\n\n<p>O BPC \u00e9 um benef\u00edcio assistencial equivalente a um sal\u00e1rio-m\u00ednimo, pago a pessoas com defici\u00eancia e idosos partir de 65 anos com at\u00e9 um quarto de sal\u00e1rio m\u00ednimo de renda familiar&nbsp;<em>per capita<\/em>. A lei aprovada no Congresso e vetada por Bolsonaro alterava exatamente o teto da renda, ampliando o n\u00famero de pessoas aptas a receberem o benef\u00edcio. Com a derrubada do veto, portanto, o pagamento ser\u00e1 feito a fam\u00edlias com at\u00e9 meio sal\u00e1rio m\u00ednimo de renda&nbsp;<em>per capita<\/em>.<\/p>\n\n\n\n<p>Contr\u00e1rios \u00e0 derrubada do veto argumentaram que o Brasil passa por uma crise financeira e que o aumento prejudicaria o or\u00e7amento para outras \u00e1reas. At\u00e9 o combate ao coronav\u00edrus foi citado. \u201cDerrubar esse veto \u00e9 acabar com recurso de emendas impositivas e, inclusive, com recursos para combater o coronav\u00edrus. \u00c9 um discurso fora da realidade\u201d, disse o deputado Osmar Terra (MDB-RS). At\u00e9 cerca de um m\u00eas atr\u00e1s, Terra era ministro da Cidadania do governo Bolsonaro e chefiava a pasta respons\u00e1vel pelo pagamento de benef\u00edcios como o BPC e o Bolsa Fam\u00edlia.<\/p>\n\n\n\n<p>Os parlamentares favor\u00e1veis \u00e0 derrubada do veto consideram injusto o Parlamento querer economizar exatamente na hora de ajudar a popula\u00e7\u00e3o pobre. \u201cN\u00e3o \u00e9 poss\u00edvel que o Congresso quede insens\u00edvel a esse apelo. Quando chega na hora do or\u00e7amento para os mais pobres, os que mais precisam, aqueles que t\u00eam pessoas com defici\u00eancia na fam\u00edlia, a\u00ed o governo quer tirar\u201d, disse L\u00eddice da Mata (PSB-BA).<\/p>\n","protected":false},"excerpt":{"rendered":"<p>Ap\u00f3s cerca de cinco horas de discuss\u00e3o, o veto do presidente Jair Bolsonaro ao projeto que aumenta o limite da renda familiar para recebimento do&hellip; <\/p>\n","protected":false},"author":2,"featured_media":157548,"comment_status":"closed","ping_status":"closed","sticky":false,"template":"","format":"standard","meta":{"sfsi_plus_gutenberg_text_before_share":"","sfsi_plus_gutenberg_show_text_before_share":"","sfsi_plus_gutenberg_icon_type":"","sfsi_plus_gutenberg_icon_alignemt":"","sfsi_plus_gutenburg_max_per_row":"","footnotes":""},"categories":[11],"tags":[],"class_list":["post-157547","post","type-post","status-publish","format-standard","has-post-thumbnail","hentry","category-politica"],"_links":{"self":[{"href":"https:\/\/www.caririemacao.com\/1\/wp-json\/wp\/v2\/posts\/157547","targetHints":{"allow":["GET"]}}],"collection":[{"href":"https:\/\/www.caririemacao.com\/1\/wp-json\/wp\/v2\/posts"}],"about":[{"href":"https:\/\/www.caririemacao.com\/1\/wp-json\/wp\/v2\/types\/post"}],"author":[{"embeddable":true,"href":"https:\/\/www.caririemacao.com\/1\/wp-json\/wp\/v2\/users\/2"}],"replies":[{"embeddable":true,"href":"https:\/\/www.caririemacao.com\/1\/wp-json\/wp\/v2\/comments?post=157547"}],"version-history":[{"count":1,"href":"https:\/\/www.caririemacao.com\/1\/wp-json\/wp\/v2\/posts\/157547\/revisions"}],"predecessor-version":[{"id":157549,"href":"https:\/\/www.caririemacao.com\/1\/wp-json\/wp\/v2\/posts\/157547\/revisions\/157549"}],"wp:featuredmedia":[{"embeddable":true,"href":"https:\/\/www.caririemacao.com\/1\/wp-json\/wp\/v2\/media\/157548"}],"wp:attachment":[{"href":"https:\/\/www.caririemacao.com\/1\/wp-json\/wp\/v2\/media?parent=157547"}],"wp:term":[{"taxonomy":"category","embeddable":true,"href":"https:\/\/www.caririemacao.com\/1\/wp-json\/wp\/v2\/categories?post=157547"},{"taxonomy":"post_tag","embeddable":true,"href":"https:\/\/www.caririemacao.com\/1\/wp-json\/wp\/v2\/tags?post=157547"}],"curies":[{"name":"wp","href":"https:\/\/api.w.org\/{rel}","templated":true}]}}