{"id":157551,"date":"2020-03-12T08:03:04","date_gmt":"2020-03-12T11:03:04","guid":{"rendered":"http:\/\/www.caririemacao.com\/1\/?p=157551"},"modified":"2020-03-12T08:03:06","modified_gmt":"2020-03-12T11:03:06","slug":"coronavirus-saiba-o-que-e-uma-pandemia","status":"publish","type":"post","link":"https:\/\/www.caririemacao.com\/1\/2020\/03\/12\/coronavirus-saiba-o-que-e-uma-pandemia\/","title":{"rendered":"Coronav\u00edrus: saiba o que \u00e9 uma pandemia"},"content":{"rendered":"\n<p>Organiza\u00e7\u00e3o Mundial da Sa\u00fade (OMS)&nbsp;declarou hoje (11)&nbsp;<a href=\"https:\/\/agenciabrasil.ebc.com.br\/geral\/noticia\/2020-03\/organizacao-mundial-da-saude-declara-pandemia-de-coronavirus\" target=\"_blank\" rel=\"noreferrer noopener\">pandemia para o Covid-19<\/a>, infec\u00e7\u00e3o causada pelo novo coronav\u00edrus.<\/p>\n\n\n\n<p>Segundo a OMS, uma&nbsp;pandemia&nbsp;\u00e9 a dissemina\u00e7\u00e3o mundial de uma nova doen\u00e7a. O termo \u00e9 utilizado quando uma epidemia \u2013 grande surto que afeta uma regi\u00e3o \u2013 se espalha por diferentes continentes com transmiss\u00e3o sustentada de pessoa para pessoa. Atualmente,&nbsp;h\u00e1 mais de 115&nbsp;pa\u00edses com casos declarados da&nbsp;infec\u00e7\u00e3o.<\/p>\n\n\n\n<p>A quest\u00e3o da&nbsp;gravidade da doen\u00e7a&nbsp;n\u00e3o entra&nbsp;na defini\u00e7\u00e3o da OMS de pandemia que leva em considera\u00e7\u00e3o apenas a dissemina\u00e7\u00e3o geogr\u00e1fica r\u00e1pida que o v\u00edrus tem apresentado.<\/p>\n\n\n\n<p>&#8220;A OMS tem tratado da dissemina\u00e7\u00e3o [do Covid-19] em uma escala de tempo muito curta, e estamos muito preocupados com os n\u00edveis alarmantes de contamina\u00e7\u00e3o e, tamb\u00e9m, de falta de a\u00e7\u00e3o [dos governos]&#8221;, afirmou o diretor-geral da OMS, Tedros Adhanom, no painel que trata das atualiza\u00e7\u00f5es di\u00e1rias sobre a doen\u00e7a. &#8220;Por essa raz\u00e3o, consideramos que o Covid-19 pode ser caracterizado como uma pandemia&#8221;, explicou durante a confer\u00eancia de imprensa em Genebra.<\/p>\n\n\n\n<p>Ao caracterizar o Covid-19 como uma pandemia,&nbsp;Tedros Adhanom&nbsp;afirmou que o termo n\u00e3o deve ser usado&nbsp;de forma leviana.<\/p>\n\n\n\n<blockquote class=\"wp-block-quote is-layout-flow wp-block-quote-is-layout-flow\"><p>&#8220;Pandemia n\u00e3o \u00e9 uma palavra a ser usada de forma leviana ou descuidada. \u00c9 uma palavra que, se mal utilizada, pode causar medo irracional ou aceita\u00e7\u00e3o injustificada de que a luta acabou, levando a sofrimento e morte desnecess\u00e1rios&#8221;, declarou.&nbsp;<\/p><\/blockquote>\n\n\n\n<h2 class=\"wp-block-heading\">Recomenda\u00e7\u00f5es permanecem<\/h2>\n\n\n\n<p>O diretor-geral da OMS ressaltou que a declara\u00e7\u00e3o n\u00e3o significa a ado\u00e7\u00e3o de novas recomenda\u00e7\u00f5es no combate ao v\u00edrus.<\/p>\n\n\n\n<p>\u201cDescrever a situa\u00e7\u00e3o&nbsp;como uma pandemia n\u00e3o altera a avalia\u00e7\u00e3o da OMS sobre a amea\u00e7a representada por esse coronav\u00edrus. N\u00e3o altera o que a OMS est\u00e1 fazendo nem o que os pa\u00edses devem fazer\u201d, disse Adhanon.<\/p>\n\n\n\n<figure class=\"wp-block-image\"><a href=\"https:\/\/twitter.com\/OPASOMSBrasil\"><img decoding=\"async\" data-src=\"https:\/\/pbs.twimg.com\/profile_images\/1096117285482364929\/t_jSpG3D_bigger.png\" alt=\"\" src=\"data:image\/svg+xml;base64,PHN2ZyB3aWR0aD0iMSIgaGVpZ2h0PSIxIiB4bWxucz0iaHR0cDovL3d3dy53My5vcmcvMjAwMC9zdmciPjwvc3ZnPg==\" class=\"lazyload\" \/><\/a><\/figure>\n\n\n\n<p><a href=\"https:\/\/twitter.com\/OPASOMSBrasil\"><strong>OPAS\/OMS<\/strong><strong>&#x2714;<\/strong>@OPASOMSBrasil<\/a><a href=\"https:\/\/twitter.com\/OPASOMSBrasil\/status\/1237784799655444485\"><\/a><\/p>\n\n\n\n<p>&#8220;Descrever a situa\u00e7\u00e3o como uma pandemia n\u00e3o altera a avalia\u00e7\u00e3o da OMS sobre a amea\u00e7a representada por esse <a href=\"https:\/\/twitter.com\/hashtag\/coronav%C3%ADrus?src=hash\">#coronav\u00edrus<\/a>. N\u00e3o altera o que a OMS est\u00e1 fazendo e nem o que os pa\u00edses devem fazer.&#8221; &#8211; <a href=\"https:\/\/twitter.com\/DrTedros\">@DrTedros<\/a> <a href=\"https:\/\/twitter.com\/hashtag\/COVID19?src=hash\">#COVID19<\/a> <a href=\"https:\/\/t.co\/rFBGVzjiot\" rel=\"noreferrer noopener\" target=\"_blank\">https:\/\/twitter.com\/WHO\/status\/1237777176159817730&nbsp;\u2026<\/a><a href=\"https:\/\/twitter.com\/WHO\/status\/1237777176159817730\" target=\"_blank\" rel=\"noreferrer noopener\"><strong>World Health Organization (WHO)<\/strong><strong>&#x2714;<\/strong>@WHOReplying to @WHO&#8221;Describing the situation as a pandemic does not change WHO\u2019s assessment of the threat posed by this #coronavirus. It doesn\u2019t change what WHO is doing, and it doesn\u2019t change what countries should do&#8221;-@DrTedros #COVID19<\/a><a href=\"https:\/\/twitter.com\/intent\/like?tweet_id=1237784799655444485\">41<\/a><a href=\"https:\/\/twitter.com\/OPASOMSBrasil\/status\/1237784799655444485\">1:57 PM &#8211; Mar 11, 2020<\/a><a href=\"https:\/\/support.twitter.com\/articles\/20175256\">Twitter Ads info and privacy<\/a><a href=\"https:\/\/twitter.com\/OPASOMSBrasil\/status\/1237784799655444485\">22 people are talking about this<\/a><\/p>\n\n\n\n<p>Durante a confer\u00eancia, ele lembrou o que a OMS preconiza a todos pa\u00edses. \u201cLembro a todos os pa\u00edses que solicitamos: ativar e ampliar seus mecanismos de resposta a emerg\u00eancias, informar profissionais sobre riscos e como podem se proteger; encontrar, isolar, testar e tratar todos os casos de Covid-19, rastreando todos os contatos\u201d.<\/p>\n\n\n\n<blockquote class=\"wp-block-quote is-layout-flow wp-block-quote-is-layout-flow\"><p>&#8220;Todos os pa\u00edses devem encontrar um bom equil\u00edbrio entre proteger a sa\u00fade, minimizar disrup\u00e7\u00f5es econ\u00f4micas e sociais e respeitar os direitos humanos&#8221;, avaliou o diretor-geral.&nbsp;<\/p><\/blockquote>\n\n\n\n<h2 class=\"wp-block-heading\">Outras pandemias<\/h2>\n\n\n\n<p>A \u00faltima vez que a OMS declarou uma pandemia foi em 2009, para o<a href=\"https:\/\/agenciabrasil.ebc.com.br\/tags\/h1n1\" target=\"_blank\" rel=\"noreferrer noopener\">&nbsp;H1N1<\/a>. Estima-se que a doen\u00e7a tenha infectado cerca de 1 bilh\u00e3o de pessoas&nbsp;e matado&nbsp;milhares no primeiro ano de detec\u00e7\u00e3o.<\/p>\n\n\n\n<p>Ainda segundo a OMS, uma pandemia de gripe ocorre quando um novo v\u00edrus emerge e se espalha pelo mundo, e a maioria das pessoas n\u00e3o tem imunidade.<\/p>\n\n\n\n<p>H\u00e1 100 anos, o mundo enfrentou uma outra pandemia, a de gripe espanhola.&nbsp;Estima-se que entre 50 e 100 milh\u00f5es de pessoas tenham morrido entre 1918 e 1920.&nbsp;<\/p>\n\n\n\n<h2 class=\"wp-block-heading\">Brasil est\u00e1 mais preparado<\/h2>\n\n\n\n<p>Na semana passada, em entrevista \u00e0&nbsp;<strong>Ag\u00eancia Brasil<\/strong>, o m\u00e9dico infectologista Rivaldo Ven\u00e2ncio, coordenador de Vigil\u00e2ncia em Sa\u00fade e Laborat\u00f3rios de Refer\u00eancia da Funda\u00e7\u00e3o Oswaldo Cruz (Fiocruz), afirmou que o&nbsp;<a href=\"https:\/\/agenciabrasil.ebc.com.br\/saude\/noticia\/2020-03\/fiocruz-brasil-esta-mais-preparado-contra-covid-19-que-contra-h1n1\" target=\"_blank\" rel=\"noreferrer noopener\">Brasil est\u00e1 mais preparado para lidar com o Covid-19<\/a>&nbsp;do que estava, em 2009, para enfrentar a pandemia da gripe H1N1. Segundo ele,&nbsp;a popula\u00e7\u00e3o precisa se manter informada, mas&nbsp;n\u00e3o h\u00e1 raz\u00e3o para p\u00e2nico.<\/p>\n","protected":false},"excerpt":{"rendered":"<p>Organiza\u00e7\u00e3o Mundial da Sa\u00fade (OMS)&nbsp;declarou hoje (11)&nbsp;pandemia para o Covid-19, infec\u00e7\u00e3o causada pelo novo coronav\u00edrus. Segundo a OMS, uma&nbsp;pandemia&nbsp;\u00e9 a dissemina\u00e7\u00e3o mundial de uma nova&hellip; <\/p>\n","protected":false},"author":2,"featured_media":157552,"comment_status":"closed","ping_status":"closed","sticky":false,"template":"","format":"standard","meta":{"sfsi_plus_gutenberg_text_before_share":"","sfsi_plus_gutenberg_show_text_before_share":"","sfsi_plus_gutenberg_icon_type":"","sfsi_plus_gutenberg_icon_alignemt":"","sfsi_plus_gutenburg_max_per_row":"","footnotes":""},"categories":[2],"tags":[],"class_list":["post-157551","post","type-post","status-publish","format-standard","has-post-thumbnail","hentry","category-geral"],"_links":{"self":[{"href":"https:\/\/www.caririemacao.com\/1\/wp-json\/wp\/v2\/posts\/157551","targetHints":{"allow":["GET"]}}],"collection":[{"href":"https:\/\/www.caririemacao.com\/1\/wp-json\/wp\/v2\/posts"}],"about":[{"href":"https:\/\/www.caririemacao.com\/1\/wp-json\/wp\/v2\/types\/post"}],"author":[{"embeddable":true,"href":"https:\/\/www.caririemacao.com\/1\/wp-json\/wp\/v2\/users\/2"}],"replies":[{"embeddable":true,"href":"https:\/\/www.caririemacao.com\/1\/wp-json\/wp\/v2\/comments?post=157551"}],"version-history":[{"count":1,"href":"https:\/\/www.caririemacao.com\/1\/wp-json\/wp\/v2\/posts\/157551\/revisions"}],"predecessor-version":[{"id":157553,"href":"https:\/\/www.caririemacao.com\/1\/wp-json\/wp\/v2\/posts\/157551\/revisions\/157553"}],"wp:featuredmedia":[{"embeddable":true,"href":"https:\/\/www.caririemacao.com\/1\/wp-json\/wp\/v2\/media\/157552"}],"wp:attachment":[{"href":"https:\/\/www.caririemacao.com\/1\/wp-json\/wp\/v2\/media?parent=157551"}],"wp:term":[{"taxonomy":"category","embeddable":true,"href":"https:\/\/www.caririemacao.com\/1\/wp-json\/wp\/v2\/categories?post=157551"},{"taxonomy":"post_tag","embeddable":true,"href":"https:\/\/www.caririemacao.com\/1\/wp-json\/wp\/v2\/tags?post=157551"}],"curies":[{"name":"wp","href":"https:\/\/api.w.org\/{rel}","templated":true}]}}