{"id":157556,"date":"2020-03-12T08:06:35","date_gmt":"2020-03-12T11:06:35","guid":{"rendered":"http:\/\/www.caririemacao.com\/1\/?p=157556"},"modified":"2020-03-12T08:06:37","modified_gmt":"2020-03-12T11:06:37","slug":"chuvas-deixam-acudes-cheios-no-sertao-paraibano","status":"publish","type":"post","link":"https:\/\/www.caririemacao.com\/1\/2020\/03\/12\/chuvas-deixam-acudes-cheios-no-sertao-paraibano\/","title":{"rendered":"Chuvas deixam a\u00e7udes cheios no Sert\u00e3o paraibano"},"content":{"rendered":"\n<p>No Sert\u00e3o, quando a chuva vem, a paisagem muda completamente. O verde reflete no espelho das \u00e1guas dos a\u00e7udes que agora est\u00e3o reabastecidos.<\/p>\n\n\n\n<p>\u2013 Especialmente aqui nestes tr\u00eas munic\u00edpios Sousa, Nazarezinho e Marais\u00f3polis, tem ca\u00eddo uma precipita\u00e7\u00e3o maior nestes dois meses de janeiro e fevereiro, e agora na entrada de mar\u00e7o. Ent\u00e3o tem chovido nessa regi\u00e3o, tem ca\u00eddo boas precipita\u00e7\u00f5es \u2013 disse Jos\u00e9 Marques, engenheiro agr\u00edcola da Empresa Paraibana de Pesquisa, Extens\u00e3o Rural e Regulariza\u00e7\u00e3o Fundi\u00e1ria (Empaer).<\/p>\n\n\n\n<p>Em Coremas, o a\u00e7ude que leva o nome da mesma cidade tem atualmente mais de 70 milh\u00f5es de metros c\u00fabicos de \u00e1gua.<\/p>\n\n\n\n<p>J\u00e1 em Sousa, no Alto Sert\u00e3o do Estado, o a\u00e7ude de S\u00e3o Gon\u00e7alo est\u00e1 com 80% da capacidade.<\/p>\n\n\n\n<p>A correnteza no rio do Peixe j\u00e1 avisa que a \u00e9poca \u00e9 de fartura.<\/p>\n\n\n\n<p>A felicidade \u00e9 completa para o gado e para os p\u00e1ssaros.<\/p>\n\n\n\n<p>Sem falar no agricultor, que passa a ter boas perspectivas.<\/p>\n\n\n\n<p>\u2013 90% dos agricultores j\u00e1 realizaram seu plantio, receberam sementes selecionadas, plantaram as sementes de milho, feij\u00e3o e tamb\u00e9m do sorgo forrageiro para alimenta\u00e7\u00e3o do rebanho. Ent\u00e3o n\u00f3s acreditamos que esse ano, se continuar com essas boas chuvas que vem caindo, vai dar uma boa condi\u00e7\u00e3o aos nossos agricultores \u2013 disse o engenheiro da Empaer.<\/p>\n\n\n\n<p>Em Patos, o a\u00e7ude Jatob\u00e1 est\u00e1 quase chegando na metade do volume.<\/p>\n\n\n\n<p>J\u00e1 o a\u00e7ude da Farinha est\u00e1 acima dos 70% da capacidade.<\/p>\n\n\n\n<p>Quem passa a semana trabalhando d\u00e1 um jeito de passar por l\u00e1 algum dia da semana. D\u00e1 at\u00e9 para pescar um peixe, que h\u00e1 muito tempo n\u00e3o tinha em tanta quantidade.<\/p>\n\n\n\n<p>\u2013 Isso aqui \u00e9 uma ben\u00e7\u00e3o para a gente. \u00c9 uma ben\u00e7\u00e3o enorme. Enorme mesmo, n\u00e9. Gra\u00e7as a Deus, a gente est\u00e1 muito feliz. N\u00e3o s\u00f3 eu, como toda a popula\u00e7\u00e3o de Patos, n\u00e9, em geral, e o Sert\u00e3o em si \u2013 disse o pescador Paulo S\u00e9rgio.<\/p>\n\n\n\n<p>O sertanejo fica admirando a paisagem.<\/p>\n\n\n\n<p>At\u00e9 o c\u00e9u parece observar as cores de uma natureza que fica mais viva. \u00c9 um presente que vem em forma de chuva para o povo trabalhador, que por muitas vezes tira do ch\u00e3o o seu sustento e agradece: \u201cObrigado meu Deus por tanta riqueza!\u201d.<\/p>\n","protected":false},"excerpt":{"rendered":"<p>No Sert\u00e3o, quando a chuva vem, a paisagem muda completamente. O verde reflete no espelho das \u00e1guas dos a\u00e7udes que agora est\u00e3o reabastecidos. \u2013 Especialmente&hellip; <\/p>\n","protected":false},"author":2,"featured_media":156614,"comment_status":"closed","ping_status":"closed","sticky":false,"template":"","format":"standard","meta":{"sfsi_plus_gutenberg_text_before_share":"","sfsi_plus_gutenberg_show_text_before_share":"","sfsi_plus_gutenberg_icon_type":"","sfsi_plus_gutenberg_icon_alignemt":"","sfsi_plus_gutenburg_max_per_row":"","footnotes":""},"categories":[6],"tags":[],"class_list":["post-157556","post","type-post","status-publish","format-standard","has-post-thumbnail","hentry","category-cidades"],"_links":{"self":[{"href":"https:\/\/www.caririemacao.com\/1\/wp-json\/wp\/v2\/posts\/157556","targetHints":{"allow":["GET"]}}],"collection":[{"href":"https:\/\/www.caririemacao.com\/1\/wp-json\/wp\/v2\/posts"}],"about":[{"href":"https:\/\/www.caririemacao.com\/1\/wp-json\/wp\/v2\/types\/post"}],"author":[{"embeddable":true,"href":"https:\/\/www.caririemacao.com\/1\/wp-json\/wp\/v2\/users\/2"}],"replies":[{"embeddable":true,"href":"https:\/\/www.caririemacao.com\/1\/wp-json\/wp\/v2\/comments?post=157556"}],"version-history":[{"count":1,"href":"https:\/\/www.caririemacao.com\/1\/wp-json\/wp\/v2\/posts\/157556\/revisions"}],"predecessor-version":[{"id":157557,"href":"https:\/\/www.caririemacao.com\/1\/wp-json\/wp\/v2\/posts\/157556\/revisions\/157557"}],"wp:featuredmedia":[{"embeddable":true,"href":"https:\/\/www.caririemacao.com\/1\/wp-json\/wp\/v2\/media\/156614"}],"wp:attachment":[{"href":"https:\/\/www.caririemacao.com\/1\/wp-json\/wp\/v2\/media?parent=157556"}],"wp:term":[{"taxonomy":"category","embeddable":true,"href":"https:\/\/www.caririemacao.com\/1\/wp-json\/wp\/v2\/categories?post=157556"},{"taxonomy":"post_tag","embeddable":true,"href":"https:\/\/www.caririemacao.com\/1\/wp-json\/wp\/v2\/tags?post=157556"}],"curies":[{"name":"wp","href":"https:\/\/api.w.org\/{rel}","templated":true}]}}