{"id":157559,"date":"2020-03-12T08:08:14","date_gmt":"2020-03-12T11:08:14","guid":{"rendered":"http:\/\/www.caririemacao.com\/1\/?p=157559"},"modified":"2020-03-12T08:08:16","modified_gmt":"2020-03-12T11:08:16","slug":"taca-libertadores-flamengo-goleia-time-equatoriano","status":"publish","type":"post","link":"https:\/\/www.caririemacao.com\/1\/2020\/03\/12\/taca-libertadores-flamengo-goleia-time-equatoriano\/","title":{"rendered":"Ta\u00e7a Libertadores: Flamengo goleia time equatoriano"},"content":{"rendered":"\n<p>&nbsp;O Flamengo venceu sem maiores dificuldades o Barcelona-EQU nesta quarta-feira (11), por 3 a 0, no Maracan\u00e3, e encerrou a segunda rodada da fase de grupos da Copa Libertadores com 100% de aproveitamento.<\/p>\n\n\n\n<p>Os gols do atual campe\u00e3o da competi\u00e7\u00e3o continental foram marcados pelo zagueiro Gustavo Henrique e pelos atacantes Gabigol e Bruno Henrique.<\/p>\n\n\n\n<p>O outro confronto do Grupo A, realizado tamb\u00e9m nesta quarta, terminou com vit\u00f3ria do Independiente del Valle (EQU) sobre o Junior Barranquilla (COL), por 3 a 0. O resultado deixa o time na lideran\u00e7a, \u00e0 frente do Flamengo, pelo saldo de gols \u2013 dois a mais.<\/p>\n\n\n\n<p>O time rubro-negro tentar\u00e1 chegar \u00e0 ponta da chave na pr\u00f3xima quinta (19), quando enfrentar\u00e1 justamente o Independiente del Valle, no Equador.<\/p>\n\n\n\n<p><strong>FLAMENGO<\/strong><br>Diego Alves; Rafinha, L\u00e9o Pereira, Gustavo e Filipe Lu\u00eds; Thiago Maia (Diego), Gerson, Everton Ribeiro e Arrascaeta (Michael); Bruno Henrique e Gabriel Barbosa. T.: Jorge Jesus<\/p>\n\n\n\n<p><strong>BARCELONA-EQU<\/strong><br>Mendonza; Velasco, Aimar (Bedoya), Riveros e Castillo; Gabriel Marques, Pi\u00f1ateres, Damian D\u00edaz (Oyola), Emmanuel Mart\u00ednez e Fidel Mart\u00ednez (Monta\u00f1o); Jonatan \u00c1lvez. T.: Fabi\u00e1n Bustos<\/p>\n\n\n\n<p><strong>Est\u00e1dio:<\/strong>&nbsp;Maracan\u00e3, no Rio de Janeiro (RJ)<br><strong>\u00c1rbitro:<\/strong>&nbsp;Facundo Tello (ARG)<br><strong>Auxiliares:<\/strong>&nbsp;Julio Fernandez e Pablo Gonzalez (ARG)<br><strong>Cart\u00f5es amarelo:<\/strong>&nbsp;Filipe Lu\u00eds (FLA); Dami\u00e1n D\u00edaz, Jonatan \u00c1lvez e Bedoya (BAR)<br><strong>Gols:<\/strong>&nbsp;Gustavo Henrique (FLA), aos 37min, e Gabigol (FLA), aos 44min do 1\u00ba tempo; Bruno Henrique (FLA), aos 8min do 2\u00ba tempo<\/p>\n","protected":false},"excerpt":{"rendered":"<p>&nbsp;O Flamengo venceu sem maiores dificuldades o Barcelona-EQU nesta quarta-feira (11), por 3 a 0, no Maracan\u00e3, e encerrou a segunda rodada da fase de&hellip; <\/p>\n","protected":false},"author":2,"featured_media":157560,"comment_status":"closed","ping_status":"closed","sticky":false,"template":"","format":"standard","meta":{"sfsi_plus_gutenberg_text_before_share":"","sfsi_plus_gutenberg_show_text_before_share":"","sfsi_plus_gutenberg_icon_type":"","sfsi_plus_gutenberg_icon_alignemt":"","sfsi_plus_gutenburg_max_per_row":"","footnotes":""},"categories":[13],"tags":[],"class_list":["post-157559","post","type-post","status-publish","format-standard","has-post-thumbnail","hentry","category-esportes"],"_links":{"self":[{"href":"https:\/\/www.caririemacao.com\/1\/wp-json\/wp\/v2\/posts\/157559","targetHints":{"allow":["GET"]}}],"collection":[{"href":"https:\/\/www.caririemacao.com\/1\/wp-json\/wp\/v2\/posts"}],"about":[{"href":"https:\/\/www.caririemacao.com\/1\/wp-json\/wp\/v2\/types\/post"}],"author":[{"embeddable":true,"href":"https:\/\/www.caririemacao.com\/1\/wp-json\/wp\/v2\/users\/2"}],"replies":[{"embeddable":true,"href":"https:\/\/www.caririemacao.com\/1\/wp-json\/wp\/v2\/comments?post=157559"}],"version-history":[{"count":1,"href":"https:\/\/www.caririemacao.com\/1\/wp-json\/wp\/v2\/posts\/157559\/revisions"}],"predecessor-version":[{"id":157561,"href":"https:\/\/www.caririemacao.com\/1\/wp-json\/wp\/v2\/posts\/157559\/revisions\/157561"}],"wp:featuredmedia":[{"embeddable":true,"href":"https:\/\/www.caririemacao.com\/1\/wp-json\/wp\/v2\/media\/157560"}],"wp:attachment":[{"href":"https:\/\/www.caririemacao.com\/1\/wp-json\/wp\/v2\/media?parent=157559"}],"wp:term":[{"taxonomy":"category","embeddable":true,"href":"https:\/\/www.caririemacao.com\/1\/wp-json\/wp\/v2\/categories?post=157559"},{"taxonomy":"post_tag","embeddable":true,"href":"https:\/\/www.caririemacao.com\/1\/wp-json\/wp\/v2\/tags?post=157559"}],"curies":[{"name":"wp","href":"https:\/\/api.w.org\/{rel}","templated":true}]}}