{"id":157567,"date":"2020-03-12T08:13:48","date_gmt":"2020-03-12T11:13:48","guid":{"rendered":"http:\/\/www.caririemacao.com\/1\/?p=157567"},"modified":"2020-03-12T08:13:50","modified_gmt":"2020-03-12T11:13:50","slug":"joao-azevedo-inaugura-pavimentacao-e-restauracao-de-rodovias-da-paraiba","status":"publish","type":"post","link":"https:\/\/www.caririemacao.com\/1\/2020\/03\/12\/joao-azevedo-inaugura-pavimentacao-e-restauracao-de-rodovias-da-paraiba\/","title":{"rendered":"Jo\u00e3o Azev\u00eado inaugura pavimenta\u00e7\u00e3o e restaura\u00e7\u00e3o de rodovias da Para\u00edba"},"content":{"rendered":"\n<p>O governador Jo\u00e3o Azev\u00eado inaugura, nesta quinta-feira (12), a pavimenta\u00e7\u00e3o e a restaura\u00e7\u00e3o de duas rodovias e assina as ordens de servi\u00e7o de outras duas no sert\u00e3o do Estado. Ser\u00e3o entregues a recupera\u00e7\u00e3o da PB-393 \u2014 Cajazeiras\/S\u00e3o Jo\u00e3o do Rio do Peixe e a pavimenta\u00e7\u00e3o da PB-383 \u2014 Lastro\/Divisa da Para\u00edba com o Rio Grande do Norte.<\/p>\n\n\n\n<p>Azev\u00eado ainda entrega obras de escolas nos munic\u00edpios de S\u00e3o Francisco e Santa Cruz.<br>&nbsp;<br>Nas obras de pavimenta\u00e7\u00e3o e restaura\u00e7\u00e3o de duas rodovias, iniciadas em 2019, o Governo do Estado, com recursos pr\u00f3prios, investiu mais de R$ 5,1 milh\u00f5es. A rodovia de Cajazeiras a S\u00e3o Jo\u00e3o do Rio do Peixe tem uma extens\u00e3o de 23 km, contemplando diretamente uma popula\u00e7\u00e3o de 80.027 habitantes dos dois munic\u00edpios. J\u00e1 a rodovia que liga Lastro at\u00e9 a divisa do Rio Grande do Norte tem uma extens\u00e3o de 2 km e beneficia 72.181 habitantes, inclusive de Sousa.<br>&nbsp;<br>Na rodovia restaurada foram realizados servi\u00e7os de reestabiliza\u00e7\u00e3o da camada de base e reparo de defeitos em segmentos localizados, recapeamento da pista de rolamento com microrrevestimento asf\u00e1ltico de alta resist\u00eancia \u00e0 a\u00e7\u00e3o do tr\u00e1fego e das intemp\u00e9ries, recupera\u00e7\u00e3o dos acostamentos, limpeza do sistema de drenagem e sinaliza\u00e7\u00e3o horizontal e vertical.<br>&nbsp;<br>Na pavimenta\u00e7\u00e3o da rodovia de Lastro, foram executados servi\u00e7os de terraplenagem em cortes e aterros, pavimenta\u00e7\u00e3o asf\u00e1ltica em Tratamento Superficial Duplo &#8211; TSD, bueiros, drenagem profunda e superficial, cercas delimitadoras, gramagem&nbsp; de taludes e sinaliza\u00e7\u00e3o horizontal e vertical.<br>&nbsp;<br>Ordens de servi\u00e7o \u2014 Tamb\u00e9m nesta quinta-feira, o governador Jo\u00e3o Azev\u00eado autoriza as ordens de servi\u00e7o para execu\u00e7\u00e3o de mais duas obras rodovi\u00e1rias na regi\u00e3o sertaneja. Tratam-se da pavimenta\u00e7\u00e3o da PB-394, ligando o entroncamento da BR-230 a Engenheiro \u00c1vidos, com 14,1 km, e a recupera\u00e7\u00e3o da PB-395, ligando Santa Helena ao entroncamento da PB-393, com 18,2 km, com investimento superior a R$ 18 milh\u00f5es.<br>&nbsp;<br>Ao destacar as obras a serem inauguradas e as ordens de servi\u00e7o, no setor rodovi\u00e1rio, o superintendente do Departamento de Estradas de Rodagem da Para\u00edba, Carlos Pereira de Carvalho e Silva, ressalta que o Governo do Estado, com a pavimenta\u00e7\u00e3o e restaura\u00e7\u00e3o de novas rodovias, estimula o crescimento&nbsp; das atividades econ\u00f4micas com a integra\u00e7\u00e3o dos munic\u00edpios da regi\u00e3o, neste caso o Sert\u00e3o do Estado, facilitando o escoamento da produ\u00e7\u00e3o agr\u00edcola; modernizando e ampliando a infraestrutura rodovi\u00e1ria estadual, al\u00e9m de oferecer melhores condi\u00e7\u00f5es de vida e seguran\u00e7a aos seus habitantes e usu\u00e1rios em geral.<br>&nbsp;<br>Escolas \u2013 Na cidade de S\u00e3o Francisco, o governador Jo\u00e3o Azev\u00eado entrega as obras de reforma e amplia\u00e7\u00e3o da Escola Estadual de Ensino Fundamental e M\u00e9dio Dorgival Silveira, nas quais foi investido R$ 1,2 milh\u00e3o (recursos oriundos do Fundeb).<br>&nbsp;<br>J\u00e1 na cidade de Santa Cruz, ser\u00e1 inaugurado o novo Complexo Educacional Valdemiro Wanderley de Oliveira, que conta com oito salas de aula, Sala de Professores, Secretaria, Diretoria, Biblioteca, Laborat\u00f3rios de Inform\u00e1tica, Matem\u00e1tica\/Rob\u00f3tica, Biologia, F\u00edsica e Qu\u00edmica, Arquivo, Coordena\u00e7\u00e3o Pedag\u00f3gica, \u00c1rea de Conv\u00edvio, Guarita, Recreio\/Restaurante, Dep\u00f3sito, Reservat\u00f3rios elevado e enterrado, Cozinha, Casa de G\u00e1s,&nbsp; Despensa de secos e Frios, D.M.L, Baterias de banheiros femininos\/masculinos e para PNE,&nbsp; Circula\u00e7\u00e3o, Estacionamento, Hall e Quadra em P\u00f3rtico. Foram investidos mais de R$ 2,2 milh\u00f5es.<\/p>\n","protected":false},"excerpt":{"rendered":"<p>O governador Jo\u00e3o Azev\u00eado inaugura, nesta quinta-feira (12), a pavimenta\u00e7\u00e3o e a restaura\u00e7\u00e3o de duas rodovias e assina as ordens de servi\u00e7o de outras duas&hellip; <\/p>\n","protected":false},"author":2,"featured_media":157568,"comment_status":"closed","ping_status":"closed","sticky":false,"template":"","format":"standard","meta":{"sfsi_plus_gutenberg_text_before_share":"","sfsi_plus_gutenberg_show_text_before_share":"","sfsi_plus_gutenberg_icon_type":"","sfsi_plus_gutenberg_icon_alignemt":"","sfsi_plus_gutenburg_max_per_row":"","footnotes":""},"categories":[2],"tags":[],"class_list":["post-157567","post","type-post","status-publish","format-standard","has-post-thumbnail","hentry","category-geral"],"_links":{"self":[{"href":"https:\/\/www.caririemacao.com\/1\/wp-json\/wp\/v2\/posts\/157567","targetHints":{"allow":["GET"]}}],"collection":[{"href":"https:\/\/www.caririemacao.com\/1\/wp-json\/wp\/v2\/posts"}],"about":[{"href":"https:\/\/www.caririemacao.com\/1\/wp-json\/wp\/v2\/types\/post"}],"author":[{"embeddable":true,"href":"https:\/\/www.caririemacao.com\/1\/wp-json\/wp\/v2\/users\/2"}],"replies":[{"embeddable":true,"href":"https:\/\/www.caririemacao.com\/1\/wp-json\/wp\/v2\/comments?post=157567"}],"version-history":[{"count":1,"href":"https:\/\/www.caririemacao.com\/1\/wp-json\/wp\/v2\/posts\/157567\/revisions"}],"predecessor-version":[{"id":157569,"href":"https:\/\/www.caririemacao.com\/1\/wp-json\/wp\/v2\/posts\/157567\/revisions\/157569"}],"wp:featuredmedia":[{"embeddable":true,"href":"https:\/\/www.caririemacao.com\/1\/wp-json\/wp\/v2\/media\/157568"}],"wp:attachment":[{"href":"https:\/\/www.caririemacao.com\/1\/wp-json\/wp\/v2\/media?parent=157567"}],"wp:term":[{"taxonomy":"category","embeddable":true,"href":"https:\/\/www.caririemacao.com\/1\/wp-json\/wp\/v2\/categories?post=157567"},{"taxonomy":"post_tag","embeddable":true,"href":"https:\/\/www.caririemacao.com\/1\/wp-json\/wp\/v2\/tags?post=157567"}],"curies":[{"name":"wp","href":"https:\/\/api.w.org\/{rel}","templated":true}]}}