{"id":157576,"date":"2020-03-12T08:25:12","date_gmt":"2020-03-12T11:25:12","guid":{"rendered":"http:\/\/www.caririemacao.com\/1\/?p=157576"},"modified":"2020-03-12T08:25:15","modified_gmt":"2020-03-12T11:25:15","slug":"apos-viajar-com-bolsonaro-wajngarten-esta-com-suspeita-de-coronavirus","status":"publish","type":"post","link":"https:\/\/www.caririemacao.com\/1\/2020\/03\/12\/apos-viajar-com-bolsonaro-wajngarten-esta-com-suspeita-de-coronavirus\/","title":{"rendered":"Ap\u00f3s viajar com Bolsonaro, Wajngarten est\u00e1 com suspeita de coronav\u00edrus"},"content":{"rendered":"\n<p>Chefe da Secretaria Especial de Comunica\u00e7\u00e3o Social da Presid\u00eancia da Rep\u00fablica, Fabio Wajngarten est\u00e1 com suspeita de coronav\u00edrus. A informa\u00e7\u00e3o foi divulgada pela colunista M\u00f4nica Bergamo, da Folha de S. Paulo. Na \u00faltima semana, Wajngarten acompanhou o presidente Jair Bolsonaro em uma visita a Miami, nos Estados Unidos, pa\u00eds que tem mais de mil casos confirmados da doen\u00e7a e 28 mortes.<br><\/p>\n\n\n\n<p>Ainda conforme a jornalista, o chefe da Secom foi submetido a exames cl\u00ednicos nesta quarta-feira (11). Os Continua depois da publicidade<\/p>\n\n\n\n<p>resultados devem ser entregues na quinta (12).<\/p>\n\n\n\n<p><a href=\"https:\/\/twitter.com\/fabiowoficial\/status\/1237852675816865793?ref_src=twsrc%5Etfw%7Ctwcamp%5Etweetembed%7Ctwterm%5E1237852675816865793&amp;ref_url=https%3A%2F%2Fwww.correiobraziliense.com.br%2Fapp%2Fnoticia%2Fpolitica%2F2020%2F03%2F11%2Finterna_politica%2C833614%2Fapos-viajar-com-bolsonaro-wajngarten-esta-com-suspeita-de-coronavirus.shtml\">O secret\u00e1rio se pronunciou nas redes sociais<\/a>, disse estar bem e aproveitou para atacar o m\u00e9dico Drauzio Varella.<\/p>\n\n\n\n<figure class=\"wp-block-image\"><img decoding=\"async\" src=\"https:\/\/www.clickpb.com.br\/media\/filer_public\/f6\/99\/f6990f6e-f439-4c53-89ae-525a11c5b15c\/blob\" alt=\"\"\/><\/figure>\n\n\n\n<p>Nesta quarta, a Organiza\u00e7\u00e3o Mundial de Sa\u00fade (OMS) declarou a pandemia do novo coronav\u00edrus. No Brasil, h\u00e1 52 pacientes com a doen\u00e7a, sendo dois no Distrito Federal. Tamb\u00e9m nesta quarta, o presidente Jair Bolsonaro \u2014 que viajou com Wajngarten \u2014 minimizou o impacto do coronav\u00edrus, dizendo que &#8220;outras gripes mataram mais do que essa&#8221;.<\/p>\n","protected":false},"excerpt":{"rendered":"<p>Chefe da Secretaria Especial de Comunica\u00e7\u00e3o Social da Presid\u00eancia da Rep\u00fablica, Fabio Wajngarten est\u00e1 com suspeita de coronav\u00edrus. A informa\u00e7\u00e3o foi divulgada pela colunista M\u00f4nica&hellip; <\/p>\n","protected":false},"author":2,"featured_media":157577,"comment_status":"closed","ping_status":"closed","sticky":false,"template":"","format":"standard","meta":{"sfsi_plus_gutenberg_text_before_share":"","sfsi_plus_gutenberg_show_text_before_share":"","sfsi_plus_gutenberg_icon_type":"","sfsi_plus_gutenberg_icon_alignemt":"","sfsi_plus_gutenburg_max_per_row":"","footnotes":""},"categories":[50,2],"tags":[],"class_list":["post-157576","post","type-post","status-publish","format-standard","has-post-thumbnail","hentry","category-destaque","category-geral"],"_links":{"self":[{"href":"https:\/\/www.caririemacao.com\/1\/wp-json\/wp\/v2\/posts\/157576","targetHints":{"allow":["GET"]}}],"collection":[{"href":"https:\/\/www.caririemacao.com\/1\/wp-json\/wp\/v2\/posts"}],"about":[{"href":"https:\/\/www.caririemacao.com\/1\/wp-json\/wp\/v2\/types\/post"}],"author":[{"embeddable":true,"href":"https:\/\/www.caririemacao.com\/1\/wp-json\/wp\/v2\/users\/2"}],"replies":[{"embeddable":true,"href":"https:\/\/www.caririemacao.com\/1\/wp-json\/wp\/v2\/comments?post=157576"}],"version-history":[{"count":1,"href":"https:\/\/www.caririemacao.com\/1\/wp-json\/wp\/v2\/posts\/157576\/revisions"}],"predecessor-version":[{"id":157578,"href":"https:\/\/www.caririemacao.com\/1\/wp-json\/wp\/v2\/posts\/157576\/revisions\/157578"}],"wp:featuredmedia":[{"embeddable":true,"href":"https:\/\/www.caririemacao.com\/1\/wp-json\/wp\/v2\/media\/157577"}],"wp:attachment":[{"href":"https:\/\/www.caririemacao.com\/1\/wp-json\/wp\/v2\/media?parent=157576"}],"wp:term":[{"taxonomy":"category","embeddable":true,"href":"https:\/\/www.caririemacao.com\/1\/wp-json\/wp\/v2\/categories?post=157576"},{"taxonomy":"post_tag","embeddable":true,"href":"https:\/\/www.caririemacao.com\/1\/wp-json\/wp\/v2\/tags?post=157576"}],"curies":[{"name":"wp","href":"https:\/\/api.w.org\/{rel}","templated":true}]}}