{"id":157580,"date":"2020-03-12T09:31:39","date_gmt":"2020-03-12T12:31:39","guid":{"rendered":"http:\/\/www.caririemacao.com\/1\/?p=157580"},"modified":"2020-03-12T09:31:42","modified_gmt":"2020-03-12T12:31:42","slug":"nao-convoquei-ninguem-diz-bolsonaro-apos-convocar-populacao-para-protesto-pro-governo","status":"publish","type":"post","link":"https:\/\/www.caririemacao.com\/1\/2020\/03\/12\/nao-convoquei-ninguem-diz-bolsonaro-apos-convocar-populacao-para-protesto-pro-governo\/","title":{"rendered":"&#8216;N\u00e3o convoquei ningu\u00e9m&#8217;, diz Bolsonaro ap\u00f3s convocar popula\u00e7\u00e3o para protesto pr\u00f3-governo"},"content":{"rendered":"\n<p>&nbsp;O presidente Jair Bolsonaro afirmou no fim da tarde desta ter\u00e7a-feira que n\u00e3o convocou &#8220;ningu\u00e9m&#8221; para as manifesta\u00e7\u00f5es marcados para o pr\u00f3ximo domingo, apesar de pedido dito no \u00faltimo s\u00e1bado que seus apoiadores &#8220;participem&#8221; do que classificou como um &#8220;movimento de rua espont\u00e2neo&#8221;.<\/p>\n\n\n\n<p>Na chegada ao Pal\u00e1cio da Alvorada, Bolsonaro foi questionado se a pandemia de coronav\u00edrus, decretada nesta quarta pela Organiza\u00e7\u00e3o Mundial de Sa\u00fade (OMS), deve afetar a convoca\u00e7\u00e3o para a manifesta\u00e7\u00e3o do pr\u00f3ximo dia 15 e tergiversou:<\/p>\n\n\n\n<p>\u2014 Eu n\u00e3o convoquei ningu\u00e9m, pergunta para quem convocou. Pergunta para quem convocou \u2014 disse o presidente.<\/p>\n\n\n\n<p>A afirma\u00e7\u00e3o contraria o chamado feito pelo pr\u00f3prio Bolsonaro em evento realizado em Boa Vista, durante uma escala da viagem que fez aos Estados Unidos no s\u00e1bado passado.<\/p>\n\n\n\n<p>\u2014 Dia 15 agora, tem um movimento de rua espont\u00e2neo. \u00c9 um movimento espont\u00e2neo. E o pol\u00edtico que tem medo de movimento de rua n\u00e3o serve para ser pol\u00edtico. Ent\u00e3o participem, n\u00e3o \u00e9 um movimento contra o Congresso, contra o Judici\u00e1rio, \u00e9 um movimento pr\u00f3-Brasil, \u00e9 um movimento que quer mostrar para todos n\u00f3s, presidente, Poder Executivo, Poder Legislativo, Poder Judici\u00e1rio, que quem d\u00e1 o norte para o Brasil \u00e9 a popula\u00e7\u00e3o \u2014 declarou, na ocasi\u00e3o.<\/p>\n\n\n\n<figure class=\"wp-block-image\"><img decoding=\"async\" src=\"https:\/\/www.clickpb.com.br\/media\/filer_public\/a2\/34\/a234d333-d363-4142-b2ba-5fa4a983886b\/blob\" alt=\"\"\/><\/figure>\n","protected":false},"excerpt":{"rendered":"<p>&nbsp;O presidente Jair Bolsonaro afirmou no fim da tarde desta ter\u00e7a-feira que n\u00e3o convocou &#8220;ningu\u00e9m&#8221; para as manifesta\u00e7\u00f5es marcados para o pr\u00f3ximo domingo, apesar de&hellip; <\/p>\n","protected":false},"author":2,"featured_media":157581,"comment_status":"closed","ping_status":"closed","sticky":false,"template":"","format":"standard","meta":{"sfsi_plus_gutenberg_text_before_share":"","sfsi_plus_gutenberg_show_text_before_share":"","sfsi_plus_gutenberg_icon_type":"","sfsi_plus_gutenberg_icon_alignemt":"","sfsi_plus_gutenburg_max_per_row":"","footnotes":""},"categories":[2],"tags":[],"class_list":["post-157580","post","type-post","status-publish","format-standard","has-post-thumbnail","hentry","category-geral"],"_links":{"self":[{"href":"https:\/\/www.caririemacao.com\/1\/wp-json\/wp\/v2\/posts\/157580","targetHints":{"allow":["GET"]}}],"collection":[{"href":"https:\/\/www.caririemacao.com\/1\/wp-json\/wp\/v2\/posts"}],"about":[{"href":"https:\/\/www.caririemacao.com\/1\/wp-json\/wp\/v2\/types\/post"}],"author":[{"embeddable":true,"href":"https:\/\/www.caririemacao.com\/1\/wp-json\/wp\/v2\/users\/2"}],"replies":[{"embeddable":true,"href":"https:\/\/www.caririemacao.com\/1\/wp-json\/wp\/v2\/comments?post=157580"}],"version-history":[{"count":1,"href":"https:\/\/www.caririemacao.com\/1\/wp-json\/wp\/v2\/posts\/157580\/revisions"}],"predecessor-version":[{"id":157582,"href":"https:\/\/www.caririemacao.com\/1\/wp-json\/wp\/v2\/posts\/157580\/revisions\/157582"}],"wp:featuredmedia":[{"embeddable":true,"href":"https:\/\/www.caririemacao.com\/1\/wp-json\/wp\/v2\/media\/157581"}],"wp:attachment":[{"href":"https:\/\/www.caririemacao.com\/1\/wp-json\/wp\/v2\/media?parent=157580"}],"wp:term":[{"taxonomy":"category","embeddable":true,"href":"https:\/\/www.caririemacao.com\/1\/wp-json\/wp\/v2\/categories?post=157580"},{"taxonomy":"post_tag","embeddable":true,"href":"https:\/\/www.caririemacao.com\/1\/wp-json\/wp\/v2\/tags?post=157580"}],"curies":[{"name":"wp","href":"https:\/\/api.w.org\/{rel}","templated":true}]}}