{"id":157597,"date":"2020-03-12T09:49:50","date_gmt":"2020-03-12T12:49:50","guid":{"rendered":"http:\/\/www.caririemacao.com\/1\/?p=157597"},"modified":"2020-03-12T09:49:52","modified_gmt":"2020-03-12T12:49:52","slug":"dolar-bate-r-5-pela-1a-vez","status":"publish","type":"post","link":"https:\/\/www.caririemacao.com\/1\/2020\/03\/12\/dolar-bate-r-5-pela-1a-vez\/","title":{"rendered":"D\u00f3lar bate R$ 5 pela 1\u00aa vez"},"content":{"rendered":"\n<p>O d\u00f3lar abriu em forte alta nesta quinta-feira (12), batendo R$ 5 pela 1\u00aa vez, com os mercados de olho nos impactos do coronav\u00edrus na atividade econ\u00f4mica mundial, ap\u00f3s a Organiza\u00e7\u00e3o Mundial de Sa\u00fade (OMS) ter classificado o surto como uma pandemia.<\/p>\n\n\n\n<p>\u00c0s 9h13, a moeda norte-americana subia 5,63%, a R$ 4,9872. Na m\u00e1xima at\u00e9 o momento chegou a R$ 5,0277.<\/p>\n\n\n\n<p>Com o salto, o avan\u00e7o no ano chega a quase 25%.<\/p>\n\n\n\n<p>O Banco Central anunciou nesta quinta leil\u00e3o de venda \u00e0 vista de at\u00e9 US$ 2,5 bilh\u00f5es, cancelando o an\u00fancio de venda de at\u00e9 US$ 1,5 bilh\u00e3o feito no dia anterior.<\/p>\n\n\n\n<p>Na v\u00e9spera, o d\u00f3lar encerrou o dia em alta de 1,65%, a R$ 4,7215. Na m\u00e1xima, marcou R$ 4,7584. Na semana, o d\u00f3lar acumula alta de 1,88%. Na parcial do m\u00eas, o avan\u00e7o \u00e9 de 5,37%. Em 2020, a alta chega a 17,75%.<\/p>\n\n\n\n<p>Pesava tamb\u00e9m no mercado de c\u00e2mbio nesta quinta a derrota sofrida pelo governo no final da tarde de quarta-feira, ap\u00f3s o Congresso Nacional derrubar o veto presidencial a projeto que amplia o acesso ao Benef\u00edcio de Presta\u00e7\u00e3o Continuada (BPC), com impacto estimado em cerca de R$ 20 bilh\u00f5es j\u00e1 no primeiro ano.<\/p>\n\n\n\n<p>Em raz\u00e3o do impacto or\u00e7ament\u00e1rio da medida, o mercado enfrenta agora outro vetor de risco, do lado fiscal brasileiro, o que aumenta as incertezas sobre as rela\u00e7\u00f5es entre Executivo e Legislativo, e sobre o ritmo de recupera\u00e7\u00e3o da economia brasileira.<\/p>\n\n\n\n<p><strong>Cena externa<\/strong><br>Do lado externo, os mercados globais reagiam nesta quinta \u00e0 decis\u00e3o do presidente americano, Donald Trump, que suspendeu por 30 dias viagens de estrangeiros procedentes de Europa aos Estados Unidos, numa tentativa de travar a r\u00e1pida propaga\u00e7\u00e3o do coronav\u00edrus.<\/p>\n\n\n\n<p>Trump anunciou outras medidas para sustentar as empresas norte-americanas e promover o crescimento, mas alguns investidores n\u00e3o se mostraram convencidos de que a economia global pode se recuperar rapidamente conforme crescem as preocupa\u00e7\u00f5es de que o n\u00famero de infec\u00e7\u00f5es pode aumentar rapidamente em todo o mundo.<\/p>\n\n\n\n<p><strong>BC eleva valor de leil\u00e3o de d\u00f3lar \u00e0 vista<\/strong><br>O Banco Central (BC) realiza nesta quinta um novo leil\u00e3o de d\u00f3lares em moeda \u00e0 vista. O lote ofertado ser\u00e1 de at\u00e9 US$ 2,5 bilh\u00e3o e n\u00e3o mais de US$ 1,5 bilh\u00e3o como anunciado na v\u00e9spera.<\/p>\n\n\n\n<p>O BC voltou a oferecer recursos das reservas internacionais nesta semana diante da disparada da volatilidade e da tens\u00e3o no mercado de c\u00e2mbio, seguindo deteriora\u00e7\u00e3o nos mercados internacionais.<\/p>\n\n\n\n<p>Apenas nesta semana, a autoridade monet\u00e1ria j\u00e1 vendeu US$ 5,465 bilh\u00f5es em d\u00f3lar \u00e0 vista, sendo US$ 2 bilh\u00f5es na ter\u00e7a-feira e US$ 3,465 bilh\u00f5es de d\u00f3lares na segunda-feira &#8212; este o maior volume a ser liquidado em um \u00fanico dia desde pelo menos o come\u00e7o de maio de 2009.<\/p>\n\n\n\n<p>Antes da atual rodada de leil\u00f5es, desde 20 de dezembro do ano passado o BC n\u00e3o realizava esse tipo de opera\u00e7\u00e3o &#8212; retomada em agosto de 2019 depois de uma d\u00e9cada sem ser utilizada.<\/p>\n\n\n\n<p>Os atuais leil\u00f5es de d\u00f3lar das reservas t\u00eam ocorrido de forma alternada a ofertas de swap cambial. Nesta quarta, o BC vendeu todo o lote de 1 bilh\u00e3o de d\u00f3lares disponibilizado em swaps tradicionais &#8211;derivativo cuja coloca\u00e7\u00e3o equivale a uma venda de d\u00f3lar no mercado futuro de c\u00e2mbio.<\/p>\n\n\n\n<p>Neste ano, o BC j\u00e1 vendeu o equivalente a 10,50 bilh\u00f5es de d\u00f3lares em swaps cambiais &#8211;todo esse montante em coloca\u00e7\u00f5es l\u00edquidas, ou seja, na forma de dinheiro novo.<\/p>\n","protected":false},"excerpt":{"rendered":"<p>O d\u00f3lar abriu em forte alta nesta quinta-feira (12), batendo R$ 5 pela 1\u00aa vez, com os mercados de olho nos impactos do coronav\u00edrus na&hellip; <\/p>\n","protected":false},"author":2,"featured_media":146807,"comment_status":"closed","ping_status":"closed","sticky":false,"template":"","format":"standard","meta":{"sfsi_plus_gutenberg_text_before_share":"","sfsi_plus_gutenberg_show_text_before_share":"","sfsi_plus_gutenberg_icon_type":"","sfsi_plus_gutenberg_icon_alignemt":"","sfsi_plus_gutenburg_max_per_row":"","footnotes":""},"categories":[2],"tags":[],"class_list":["post-157597","post","type-post","status-publish","format-standard","has-post-thumbnail","hentry","category-geral"],"_links":{"self":[{"href":"https:\/\/www.caririemacao.com\/1\/wp-json\/wp\/v2\/posts\/157597","targetHints":{"allow":["GET"]}}],"collection":[{"href":"https:\/\/www.caririemacao.com\/1\/wp-json\/wp\/v2\/posts"}],"about":[{"href":"https:\/\/www.caririemacao.com\/1\/wp-json\/wp\/v2\/types\/post"}],"author":[{"embeddable":true,"href":"https:\/\/www.caririemacao.com\/1\/wp-json\/wp\/v2\/users\/2"}],"replies":[{"embeddable":true,"href":"https:\/\/www.caririemacao.com\/1\/wp-json\/wp\/v2\/comments?post=157597"}],"version-history":[{"count":1,"href":"https:\/\/www.caririemacao.com\/1\/wp-json\/wp\/v2\/posts\/157597\/revisions"}],"predecessor-version":[{"id":157598,"href":"https:\/\/www.caririemacao.com\/1\/wp-json\/wp\/v2\/posts\/157597\/revisions\/157598"}],"wp:featuredmedia":[{"embeddable":true,"href":"https:\/\/www.caririemacao.com\/1\/wp-json\/wp\/v2\/media\/146807"}],"wp:attachment":[{"href":"https:\/\/www.caririemacao.com\/1\/wp-json\/wp\/v2\/media?parent=157597"}],"wp:term":[{"taxonomy":"category","embeddable":true,"href":"https:\/\/www.caririemacao.com\/1\/wp-json\/wp\/v2\/categories?post=157597"},{"taxonomy":"post_tag","embeddable":true,"href":"https:\/\/www.caririemacao.com\/1\/wp-json\/wp\/v2\/tags?post=157597"}],"curies":[{"name":"wp","href":"https:\/\/api.w.org\/{rel}","templated":true}]}}