{"id":157605,"date":"2020-03-12T09:58:18","date_gmt":"2020-03-12T12:58:18","guid":{"rendered":"http:\/\/www.caririemacao.com\/1\/?p=157605"},"modified":"2020-03-12T09:58:19","modified_gmt":"2020-03-12T12:58:19","slug":"uepb-divulga-a-quinta-lista-de-espera-do-sisu-2020-1","status":"publish","type":"post","link":"https:\/\/www.caririemacao.com\/1\/2020\/03\/12\/uepb-divulga-a-quinta-lista-de-espera-do-sisu-2020-1\/","title":{"rendered":"UEPB divulga a quinta lista de espera do Sisu 2020.1"},"content":{"rendered":"\n<p>A Pr\u00f3-Reitoria de Gradua\u00e7\u00e3o (PROGRAD) da Universidade Estadual da Para\u00edba (UEPB) divulgou,nesta quinta-feira (12), a quinta chamada da Lista de Espera do Sistema de Sele\u00e7\u00e3o Unificada (SiSU) 2020.1. Os candidatos convocados nesta chamada devem efetuar matr\u00edcula nos dias 16 e 17 de mar\u00e7o, na coordena\u00e7\u00e3o do curso para o qual foi aprovado.<\/p>\n\n\n\n<p>Para efetiva\u00e7\u00e3o da matr\u00edcula, os convocados devem entregar c\u00f3pias dos seguintes documentos (podendo optar por trazer os documentos autenticados ou os originais para que o servidor possa&nbsp;atestar a autenticidade): certificado de conclus\u00e3o do Ensino M\u00e9dio e Hist\u00f3rico Escolar; RG e CPF;prova de quita\u00e7\u00e3o com o Servi\u00e7o Militar (no caso de candidatos do sexo masculino); Registro de Nascimento ou Certid\u00e3o de Casamento; prova de quita\u00e7\u00e3o com o TRE, para maiores de 18 anos;&nbsp;uma fotografia 3\u00d74 recente; e o formul\u00e1rio de cadastramento de acordo com a cota escolhida na<br>inscri\u00e7\u00e3o.<\/p>\n\n\n\n<p>A matr\u00edcula s\u00f3 ser\u00e1 permitida aos estudantes que apresentarem todos os documentos exigidos no&nbsp;Edital, n\u00e3o sendo permitida a complementa\u00e7\u00e3o de documentos posteriormente.&nbsp;<\/p>\n\n\n\n<p>Outras informa\u00e7\u00f5es&nbsp;podem ser obtidas pelo telefone (83) 3315-3350.<\/p>\n","protected":false},"excerpt":{"rendered":"<p>A Pr\u00f3-Reitoria de Gradua\u00e7\u00e3o (PROGRAD) da Universidade Estadual da Para\u00edba (UEPB) divulgou,nesta quinta-feira (12), a quinta chamada da Lista de Espera do Sistema de Sele\u00e7\u00e3o&hellip; <\/p>\n","protected":false},"author":2,"featured_media":157606,"comment_status":"closed","ping_status":"closed","sticky":false,"template":"","format":"standard","meta":{"sfsi_plus_gutenberg_text_before_share":"","sfsi_plus_gutenberg_show_text_before_share":"","sfsi_plus_gutenberg_icon_type":"","sfsi_plus_gutenberg_icon_alignemt":"","sfsi_plus_gutenburg_max_per_row":"","footnotes":""},"categories":[14],"tags":[],"class_list":["post-157605","post","type-post","status-publish","format-standard","has-post-thumbnail","hentry","category-educacao"],"_links":{"self":[{"href":"https:\/\/www.caririemacao.com\/1\/wp-json\/wp\/v2\/posts\/157605","targetHints":{"allow":["GET"]}}],"collection":[{"href":"https:\/\/www.caririemacao.com\/1\/wp-json\/wp\/v2\/posts"}],"about":[{"href":"https:\/\/www.caririemacao.com\/1\/wp-json\/wp\/v2\/types\/post"}],"author":[{"embeddable":true,"href":"https:\/\/www.caririemacao.com\/1\/wp-json\/wp\/v2\/users\/2"}],"replies":[{"embeddable":true,"href":"https:\/\/www.caririemacao.com\/1\/wp-json\/wp\/v2\/comments?post=157605"}],"version-history":[{"count":1,"href":"https:\/\/www.caririemacao.com\/1\/wp-json\/wp\/v2\/posts\/157605\/revisions"}],"predecessor-version":[{"id":157607,"href":"https:\/\/www.caririemacao.com\/1\/wp-json\/wp\/v2\/posts\/157605\/revisions\/157607"}],"wp:featuredmedia":[{"embeddable":true,"href":"https:\/\/www.caririemacao.com\/1\/wp-json\/wp\/v2\/media\/157606"}],"wp:attachment":[{"href":"https:\/\/www.caririemacao.com\/1\/wp-json\/wp\/v2\/media?parent=157605"}],"wp:term":[{"taxonomy":"category","embeddable":true,"href":"https:\/\/www.caririemacao.com\/1\/wp-json\/wp\/v2\/categories?post=157605"},{"taxonomy":"post_tag","embeddable":true,"href":"https:\/\/www.caririemacao.com\/1\/wp-json\/wp\/v2\/tags?post=157605"}],"curies":[{"name":"wp","href":"https:\/\/api.w.org\/{rel}","templated":true}]}}