{"id":157609,"date":"2020-03-12T09:59:33","date_gmt":"2020-03-12T12:59:33","guid":{"rendered":"http:\/\/www.caririemacao.com\/1\/?p=157609"},"modified":"2020-03-12T09:59:35","modified_gmt":"2020-03-12T12:59:35","slug":"foragido-da-justica-e-capturado-e-adolescente-apreendido-suspeitos-de-trafico-de-drogas","status":"publish","type":"post","link":"https:\/\/www.caririemacao.com\/1\/2020\/03\/12\/foragido-da-justica-e-capturado-e-adolescente-apreendido-suspeitos-de-trafico-de-drogas\/","title":{"rendered":"Foragido da Justi\u00e7a \u00e9 capturado e adolescente apreendido suspeitos de tr\u00e1fico de drogas"},"content":{"rendered":"\n<p>A Pol\u00edcia Militar capturou um foragido da Justi\u00e7a e apreendeu um adolescente, ambos envolvidos em tr\u00e1fico de drogas, no fim da tarde dessa quarta-feira (11), em Santa Rita. A a\u00e7\u00e3o resultou ainda na apreens\u00e3o de uma arma de fogo que estava com um dos suspeitos.<\/p>\n\n\n\n<p>A dupla foi localizada pelos policiais da For\u00e7a T\u00e1tica do 7\u00ba Batalh\u00e3o, no loteamento Nice, no bairro Alto das Populares. Os suspeitos estavam em um apartamento e foram encontrados com cerca de 50 gramas de subst\u00e2ncia semelhante \u00e0 coca\u00edna e balan\u00e7a de precis\u00e3o.<\/p>\n\n\n\n<p>O homem, de&nbsp;22 anos, j\u00e1 tinha um mandado de pris\u00e3o em aberto pelo crime de tr\u00e1fico. Ele estava com um rev\u00f3lver calibre 38 e muni\u00e7\u00f5es.<\/p>\n\n\n\n<p>J\u00e1 o adolescente, que tem 17 anos, foi apreendido v\u00e1rias vezes suspeito de envolvimento em atos infracionais, segundo relatou a For\u00e7a T\u00e1tica.&nbsp;<\/p>\n\n\n\n<p>A dupla foi encaminhada para a 5\u00aa Delegacia Distrital.<\/p>\n","protected":false},"excerpt":{"rendered":"<p>A Pol\u00edcia Militar capturou um foragido da Justi\u00e7a e apreendeu um adolescente, ambos envolvidos em tr\u00e1fico de drogas, no fim da tarde dessa quarta-feira (11),&hellip; <\/p>\n","protected":false},"author":2,"featured_media":157610,"comment_status":"closed","ping_status":"closed","sticky":false,"template":"","format":"standard","meta":{"sfsi_plus_gutenberg_text_before_share":"","sfsi_plus_gutenberg_show_text_before_share":"","sfsi_plus_gutenberg_icon_type":"","sfsi_plus_gutenberg_icon_alignemt":"","sfsi_plus_gutenburg_max_per_row":"","footnotes":""},"categories":[12],"tags":[],"class_list":["post-157609","post","type-post","status-publish","format-standard","has-post-thumbnail","hentry","category-policia"],"_links":{"self":[{"href":"https:\/\/www.caririemacao.com\/1\/wp-json\/wp\/v2\/posts\/157609","targetHints":{"allow":["GET"]}}],"collection":[{"href":"https:\/\/www.caririemacao.com\/1\/wp-json\/wp\/v2\/posts"}],"about":[{"href":"https:\/\/www.caririemacao.com\/1\/wp-json\/wp\/v2\/types\/post"}],"author":[{"embeddable":true,"href":"https:\/\/www.caririemacao.com\/1\/wp-json\/wp\/v2\/users\/2"}],"replies":[{"embeddable":true,"href":"https:\/\/www.caririemacao.com\/1\/wp-json\/wp\/v2\/comments?post=157609"}],"version-history":[{"count":1,"href":"https:\/\/www.caririemacao.com\/1\/wp-json\/wp\/v2\/posts\/157609\/revisions"}],"predecessor-version":[{"id":157611,"href":"https:\/\/www.caririemacao.com\/1\/wp-json\/wp\/v2\/posts\/157609\/revisions\/157611"}],"wp:featuredmedia":[{"embeddable":true,"href":"https:\/\/www.caririemacao.com\/1\/wp-json\/wp\/v2\/media\/157610"}],"wp:attachment":[{"href":"https:\/\/www.caririemacao.com\/1\/wp-json\/wp\/v2\/media?parent=157609"}],"wp:term":[{"taxonomy":"category","embeddable":true,"href":"https:\/\/www.caririemacao.com\/1\/wp-json\/wp\/v2\/categories?post=157609"},{"taxonomy":"post_tag","embeddable":true,"href":"https:\/\/www.caririemacao.com\/1\/wp-json\/wp\/v2\/tags?post=157609"}],"curies":[{"name":"wp","href":"https:\/\/api.w.org\/{rel}","templated":true}]}}