{"id":157612,"date":"2020-03-12T10:06:45","date_gmt":"2020-03-12T13:06:45","guid":{"rendered":"http:\/\/www.caririemacao.com\/1\/?p=157612"},"modified":"2020-03-12T10:06:47","modified_gmt":"2020-03-12T13:06:47","slug":"atleta-do-real-madrid-testa-positivo-para-o-coronavirus-e-clube-anuncia-quarentena","status":"publish","type":"post","link":"https:\/\/www.caririemacao.com\/1\/2020\/03\/12\/atleta-do-real-madrid-testa-positivo-para-o-coronavirus-e-clube-anuncia-quarentena\/","title":{"rendered":"Atleta do Real Madrid testa positivo para o coronav\u00edrus e clube anuncia quarentena"},"content":{"rendered":"\n<p>Um atleta do time principal&nbsp;de basquete do clube Merengue do Real Madrid testou positivo para o coronav\u00edrus. O clube anunciou na manh\u00e3 desta quinta-feira (12), que&nbsp;tanto os jogadores da modalidade citada acima, quanto do futebol profissional, entrar\u00e3o em quarentena.<\/p>\n\n\n\n<p>O motivo principal \u00e9 pelo fato de que ambas as modalidades dividem o mesmo espa\u00e7o nas instala\u00e7\u00f5es da Cidade Real de Madrid, uma esp\u00e9cie de Centro de Treinamento do clube espanhol.<\/p>\n\n\n\n<p>Al\u00e9m dos jogadores, todos os funcion\u00e1rios ter\u00e3o que permanecer em quarentena, sem falar no fato de que a cidade esportiva tamb\u00e9m ser\u00e1 fechada para que todos os cuidados possam ser tomados da melhor forma.<\/p>\n\n\n\n<p><strong>Confira a nota<\/strong><\/p>\n\n\n\n<p><em>Real Madrid CF relata que um jogador do nosso primeiro time de basquete testou positivo ap\u00f3s o teste para o coronav\u00edrus COVID-19.<\/em><\/p>\n\n\n\n<p><em>Desde ent\u00e3o, a recomenda\u00e7\u00e3o foi feita para permanecer em quarentena, tanto para o primeiro time de basquete quanto para o primeiro time de futebol, j\u00e1 que os dois times compartilham instala\u00e7\u00f5es na Cidade Real de Madrid.<\/em><\/p>\n\n\n\n<p><em>Da mesma forma, foi decidido fechar as instala\u00e7\u00f5es da nossa cidade esportiva e tamb\u00e9m \u00e9 recomend\u00e1vel que todo o pessoal do Real Madrid que presta seus servi\u00e7os na cidade de Real Madrid permane\u00e7a em quarentena.<\/em><\/p>\n\n\n\n<p><em>As partidas agendadas para hoje e amanh\u00e3, correspondentes ao basquete da Euroliga e ao futebol da LaLiga, n\u00e3o ser\u00e3o disputadas.<\/em><\/p>\n","protected":false},"excerpt":{"rendered":"<p>Um atleta do time principal&nbsp;de basquete do clube Merengue do Real Madrid testou positivo para o coronav\u00edrus. O clube anunciou na manh\u00e3 desta quinta-feira (12),&hellip; <\/p>\n","protected":false},"author":2,"featured_media":157613,"comment_status":"closed","ping_status":"closed","sticky":false,"template":"","format":"standard","meta":{"sfsi_plus_gutenberg_text_before_share":"","sfsi_plus_gutenberg_show_text_before_share":"","sfsi_plus_gutenberg_icon_type":"","sfsi_plus_gutenberg_icon_alignemt":"","sfsi_plus_gutenburg_max_per_row":"","footnotes":""},"categories":[13],"tags":[],"class_list":["post-157612","post","type-post","status-publish","format-standard","has-post-thumbnail","hentry","category-esportes"],"_links":{"self":[{"href":"https:\/\/www.caririemacao.com\/1\/wp-json\/wp\/v2\/posts\/157612","targetHints":{"allow":["GET"]}}],"collection":[{"href":"https:\/\/www.caririemacao.com\/1\/wp-json\/wp\/v2\/posts"}],"about":[{"href":"https:\/\/www.caririemacao.com\/1\/wp-json\/wp\/v2\/types\/post"}],"author":[{"embeddable":true,"href":"https:\/\/www.caririemacao.com\/1\/wp-json\/wp\/v2\/users\/2"}],"replies":[{"embeddable":true,"href":"https:\/\/www.caririemacao.com\/1\/wp-json\/wp\/v2\/comments?post=157612"}],"version-history":[{"count":1,"href":"https:\/\/www.caririemacao.com\/1\/wp-json\/wp\/v2\/posts\/157612\/revisions"}],"predecessor-version":[{"id":157614,"href":"https:\/\/www.caririemacao.com\/1\/wp-json\/wp\/v2\/posts\/157612\/revisions\/157614"}],"wp:featuredmedia":[{"embeddable":true,"href":"https:\/\/www.caririemacao.com\/1\/wp-json\/wp\/v2\/media\/157613"}],"wp:attachment":[{"href":"https:\/\/www.caririemacao.com\/1\/wp-json\/wp\/v2\/media?parent=157612"}],"wp:term":[{"taxonomy":"category","embeddable":true,"href":"https:\/\/www.caririemacao.com\/1\/wp-json\/wp\/v2\/categories?post=157612"},{"taxonomy":"post_tag","embeddable":true,"href":"https:\/\/www.caririemacao.com\/1\/wp-json\/wp\/v2\/tags?post=157612"}],"curies":[{"name":"wp","href":"https:\/\/api.w.org\/{rel}","templated":true}]}}