{"id":157615,"date":"2020-03-12T10:08:00","date_gmt":"2020-03-12T13:08:00","guid":{"rendered":"http:\/\/www.caririemacao.com\/1\/?p=157615"},"modified":"2020-03-12T10:08:02","modified_gmt":"2020-03-12T13:08:02","slug":"ator-paraibano-ednaldo-lucena-morre-aos-82-anos-no-rio-de-janeiro","status":"publish","type":"post","link":"https:\/\/www.caririemacao.com\/1\/2020\/03\/12\/ator-paraibano-ednaldo-lucena-morre-aos-82-anos-no-rio-de-janeiro\/","title":{"rendered":"Ator paraibano Ednaldo Lucena morre aos 82 anos, no Rio de Janeiro"},"content":{"rendered":"\n<p>O ator paraibano Ednaldo Lucena, que integra o elenco da \u2018Paix\u00e3o de Cristo de Nova Jerusal\u00e9m\u2019 h\u00e1 mais de 50 anos, morreu na tarde da ter\u00e7a-feira (10) devido \u00e0s complica\u00e7\u00f5es da doen\u00e7a de Alzheimer. Aos 82 anos, Lucena residia em Niter\u00f3i, no Rio de Janeiro. O sepultamento aconteceu na tarde desta quarta-feira (11) no Rio de Janeiro.<\/p>\n\n\n\n<p>Nascido na Para\u00edba, o ator foi morar em Recife, onde iniciou sua carreira no teatro, ainda nos anos de 1950. O ator participou do espet\u00e1culo inaugural da cidade teatro de Nova Jerusal\u00e9m, em 1968, vivendo o personagem Caif\u00e1s. Entre 1971 e 1977, interpretou Herodes e come\u00e7ou a tamb\u00e9m viver Judas, papel que desempenhou at\u00e9 1998.<\/p>\n\n\n\n<p>Transferiu-se para o Rio de Janeiro, onde teve algumas participa\u00e7\u00f5es em novelas e s\u00e9ries da TV Globo e foi dublador de filmes e s\u00e9ries para a tev\u00ea. No ano de 2000, atuou nos espet\u00e1culos de \u2018Noite Feliz, o Nascimento de Jesus\u2019 em Nova Jerusal\u00e9m e, tamb\u00e9m, em 2004 na temporada dessa pe\u00e7a no Santu\u00e1rio Nacional de Aparecida (SP).<\/p>\n\n\n\n<p>Em 2009 voltou a atuar na \u2018Paix\u00e3o de Cristo de Nova Jerusal\u00e9m\u2019, dessa vez vivendo o personagem An\u00e1s, assim permanecendo at\u00e9 a temporada cinquenten\u00e1ria da Paix\u00e3o, em 2017. Nos dois anos mais recentes da \u2018Paix\u00e3o\u2019 (2018 e 2019) passou a interpretar o papel do Pr\u00edncipe I, que foi o seu \u00faltimo personagem nos palcos do Brasil.<\/p>\n","protected":false},"excerpt":{"rendered":"<p>O ator paraibano Ednaldo Lucena, que integra o elenco da \u2018Paix\u00e3o de Cristo de Nova Jerusal\u00e9m\u2019 h\u00e1 mais de 50 anos, morreu na tarde da&hellip; <\/p>\n","protected":false},"author":2,"featured_media":157616,"comment_status":"closed","ping_status":"closed","sticky":false,"template":"","format":"standard","meta":{"sfsi_plus_gutenberg_text_before_share":"","sfsi_plus_gutenberg_show_text_before_share":"","sfsi_plus_gutenberg_icon_type":"","sfsi_plus_gutenberg_icon_alignemt":"","sfsi_plus_gutenburg_max_per_row":"","footnotes":""},"categories":[2],"tags":[],"class_list":["post-157615","post","type-post","status-publish","format-standard","has-post-thumbnail","hentry","category-geral"],"_links":{"self":[{"href":"https:\/\/www.caririemacao.com\/1\/wp-json\/wp\/v2\/posts\/157615","targetHints":{"allow":["GET"]}}],"collection":[{"href":"https:\/\/www.caririemacao.com\/1\/wp-json\/wp\/v2\/posts"}],"about":[{"href":"https:\/\/www.caririemacao.com\/1\/wp-json\/wp\/v2\/types\/post"}],"author":[{"embeddable":true,"href":"https:\/\/www.caririemacao.com\/1\/wp-json\/wp\/v2\/users\/2"}],"replies":[{"embeddable":true,"href":"https:\/\/www.caririemacao.com\/1\/wp-json\/wp\/v2\/comments?post=157615"}],"version-history":[{"count":1,"href":"https:\/\/www.caririemacao.com\/1\/wp-json\/wp\/v2\/posts\/157615\/revisions"}],"predecessor-version":[{"id":157617,"href":"https:\/\/www.caririemacao.com\/1\/wp-json\/wp\/v2\/posts\/157615\/revisions\/157617"}],"wp:featuredmedia":[{"embeddable":true,"href":"https:\/\/www.caririemacao.com\/1\/wp-json\/wp\/v2\/media\/157616"}],"wp:attachment":[{"href":"https:\/\/www.caririemacao.com\/1\/wp-json\/wp\/v2\/media?parent=157615"}],"wp:term":[{"taxonomy":"category","embeddable":true,"href":"https:\/\/www.caririemacao.com\/1\/wp-json\/wp\/v2\/categories?post=157615"},{"taxonomy":"post_tag","embeddable":true,"href":"https:\/\/www.caririemacao.com\/1\/wp-json\/wp\/v2\/tags?post=157615"}],"curies":[{"name":"wp","href":"https:\/\/api.w.org\/{rel}","templated":true}]}}