{"id":157621,"date":"2020-03-12T10:14:31","date_gmt":"2020-03-12T13:14:31","guid":{"rendered":"http:\/\/www.caririemacao.com\/1\/?p=157621"},"modified":"2020-03-12T10:14:33","modified_gmt":"2020-03-12T13:14:33","slug":"producao-industrial-cresce-em-13-dos-15-locais-pesquisados-em-janeiro","status":"publish","type":"post","link":"https:\/\/www.caririemacao.com\/1\/2020\/03\/12\/producao-industrial-cresce-em-13-dos-15-locais-pesquisados-em-janeiro\/","title":{"rendered":"Produ\u00e7\u00e3o industrial cresce em 13 dos 15 locais pesquisados em janeiro"},"content":{"rendered":"\n<p>\u00a0A produ\u00e7\u00e3o da ind\u00fastria nacional cresceu em 13 dos 15 locais pesquisados pelo Instituto Brasileiro de Geografia e Estat\u00edstica (IBGE) na passagem de dezembro para janeiro, quando o setor registrou alta de 0,9% depois de dois meses de quedas consecutivas.<\/p>\n\n\n\n<p>As taxas positivas, divulgadas hoje (12) na Pesquisa Industrial Mensal Regional, s\u00e3o as maiores desde junho de 2018, quando a ind\u00fastria come\u00e7ou a se recuperar da greve dos caminhoneiros, iniciada em maio daquele ano.<\/p>\n\n\n\n<p>O destaque no m\u00eas foi o estado de S\u00e3o Paulo, maior parque industrial do pa\u00eds, que cresceu 2,3% e puxou a alta do indicador. \u201cA ind\u00fastria paulista vem de dois meses negativos, em que acumulou queda de 3,7%. O resultado de janeiro foi o mais alto desde agosto de 2019 (3,2%). Essa alta foi impulsionada pelos setores de ve\u00edculos automotores, m\u00e1quinas e equipamentos e metalurgia\u201d, disse, em nota, o analista respons\u00e1vel pela pesquisa, Bernardo Almeida.<\/p>\n\n\n\n<p>Segundo o IBGE, o Rio de Janeiro teve a segunda maior influ\u00eancia positiva sobre o \u00edndice, com alta de 3,9%, impulsionada pelos setores de ve\u00edculos e derivados de petr\u00f3leo. \u201cCom isso, a ind\u00fastria fluminense eliminou o recuo registrado em dezembro (-3,9%)\u201d, afirmou Almeida, acrescentando que o resultado foi o maior desde julho do ano passado.<\/p>\n\n\n\n<p>O analista destacou tamb\u00e9m o crescimento de 10,3% na produ\u00e7\u00e3o industrial na Bahia. \u201cO resultado teve a terceira maior influ\u00eancia no \u00edndice, e \u00e9 o maior desde junho 2018, quando chegou a 16,3%. A ind\u00fastria baiana conseguiu, com a alta de janeiro, eliminar as perdas dos tr\u00eas meses anteriores, quando acumulou recuo de 5,5%. Os principais setores foram os produtos qu\u00edmicos, ve\u00edculos automotores e derivados do petr\u00f3leo\u201d, disse Almeida.<\/p>\n\n\n\n<p>Em contrapartida, as ind\u00fastrias do Par\u00e1 (-4,2%) e de Mato Grosso (-2,3%)&nbsp;recuaram em janeiro. \u201cNo Par\u00e1, a queda foi a mais intensa desde setembro de 2019, devido ao setor extrativo, e eliminou o crescimento de 2,7% em dezembro. J\u00e1 Mato Grosso registrou a segunda taxa negativa consecutiva, acumulando nesse per\u00edodo perda de 7,2%\u201d, informa o IBGE.<\/p>\n","protected":false},"excerpt":{"rendered":"<p>\u00a0A produ\u00e7\u00e3o da ind\u00fastria nacional cresceu em 13 dos 15 locais pesquisados pelo Instituto Brasileiro de Geografia e Estat\u00edstica (IBGE) na passagem de dezembro para&hellip; <\/p>\n","protected":false},"author":2,"featured_media":157622,"comment_status":"closed","ping_status":"closed","sticky":false,"template":"","format":"standard","meta":{"sfsi_plus_gutenberg_text_before_share":"","sfsi_plus_gutenberg_show_text_before_share":"","sfsi_plus_gutenberg_icon_type":"","sfsi_plus_gutenberg_icon_alignemt":"","sfsi_plus_gutenburg_max_per_row":"","footnotes":""},"categories":[2],"tags":[],"class_list":["post-157621","post","type-post","status-publish","format-standard","has-post-thumbnail","hentry","category-geral"],"_links":{"self":[{"href":"https:\/\/www.caririemacao.com\/1\/wp-json\/wp\/v2\/posts\/157621","targetHints":{"allow":["GET"]}}],"collection":[{"href":"https:\/\/www.caririemacao.com\/1\/wp-json\/wp\/v2\/posts"}],"about":[{"href":"https:\/\/www.caririemacao.com\/1\/wp-json\/wp\/v2\/types\/post"}],"author":[{"embeddable":true,"href":"https:\/\/www.caririemacao.com\/1\/wp-json\/wp\/v2\/users\/2"}],"replies":[{"embeddable":true,"href":"https:\/\/www.caririemacao.com\/1\/wp-json\/wp\/v2\/comments?post=157621"}],"version-history":[{"count":1,"href":"https:\/\/www.caririemacao.com\/1\/wp-json\/wp\/v2\/posts\/157621\/revisions"}],"predecessor-version":[{"id":157623,"href":"https:\/\/www.caririemacao.com\/1\/wp-json\/wp\/v2\/posts\/157621\/revisions\/157623"}],"wp:featuredmedia":[{"embeddable":true,"href":"https:\/\/www.caririemacao.com\/1\/wp-json\/wp\/v2\/media\/157622"}],"wp:attachment":[{"href":"https:\/\/www.caririemacao.com\/1\/wp-json\/wp\/v2\/media?parent=157621"}],"wp:term":[{"taxonomy":"category","embeddable":true,"href":"https:\/\/www.caririemacao.com\/1\/wp-json\/wp\/v2\/categories?post=157621"},{"taxonomy":"post_tag","embeddable":true,"href":"https:\/\/www.caririemacao.com\/1\/wp-json\/wp\/v2\/tags?post=157621"}],"curies":[{"name":"wp","href":"https:\/\/api.w.org\/{rel}","templated":true}]}}