{"id":157625,"date":"2020-03-12T10:16:59","date_gmt":"2020-03-12T13:16:59","guid":{"rendered":"http:\/\/www.caririemacao.com\/1\/?p=157625"},"modified":"2020-03-12T10:17:01","modified_gmt":"2020-03-12T13:17:01","slug":"degelo-das-calotas-polares-ocorre-6-vezes-mais-rapido-que-nos-anos-90","status":"publish","type":"post","link":"https:\/\/www.caririemacao.com\/1\/2020\/03\/12\/degelo-das-calotas-polares-ocorre-6-vezes-mais-rapido-que-nos-anos-90\/","title":{"rendered":"Degelo das calotas polares ocorre 6 vezes mais r\u00e1pido que nos anos 90"},"content":{"rendered":"\n<p>As grandes camadas de gelo da Terra, a Groenl\u00e2ndia e a Ant\u00e1rtida, est\u00e3o derretendo seis vezes mais r\u00e1pido do que na d\u00e9cada de 1990, como resultado do aquecimento global. Segundo cientistas, essa perda de gelo acompanha o pior cen\u00e1rio de aquecimento clim\u00e1tico estabelecido pelo Painel Intergovernamental sobre Mudan\u00e7as Clim\u00e1ticas (IPCC).<\/p>\n\n\n\n<p>Entre 1992 e 2017, a Groenl\u00e2ndia e a Ant\u00e1rtida perderam 6,4 mil milh\u00f5es de toneladas de gelo, o que foi suficiente para elevar em 17,8 mil\u00edmetros (mm) o n\u00edvel do mar. Sem a diminui\u00e7\u00e3o nas emiss\u00f5es de carbono, pode ocorrer um aumento do n\u00edvel do mar que deixar\u00e1 400 milh\u00f5es de pessoas expostas a inunda\u00e7\u00f5es costeiras a cada ano, at\u00e9 o fim do s\u00e9culo.\u201cEssa n\u00e3o \u00e9 uma boa not\u00edcia\u201d, afirmou o professor Andrew Shepherd, da Universidade de Leeds, no Reino Unido.<\/p>\n\n\n\n<p>Acrescentou que \u201choje, os mantos de gelo contribuem com cerca de um ter\u00e7o de toda a eleva\u00e7\u00e3o do n\u00edvel do mar, enquanto na d\u00e9cada de 90 a sua contribui\u00e7\u00e3o era realmente muito pequena, com cerca de 5%. Isso tem implica\u00e7\u00f5es importantes para o futuro, nas inunda\u00e7\u00f5es e nas eros\u00f5es costeiras\u201d.<br><br>O aumento do n\u00edvel do mar \u00e9 um dos impactos mais prejudiciais, a longo prazo, da crise clim\u00e1tica. Em 2010, a perda m\u00e9dia anual de gelo na Groenl\u00e2ndia e na Ant\u00e1rtida foi de 475 mil milh\u00f5es de toneladas, seis vezes maior do que os 81 mil milh\u00f5es de toneladas perdidas por ano nos anos 90. Entre 1992 e 2017, no total, as duas calotas polares perderam 6,4 toneladas de gelo, sendo a Groenl\u00e2ndia a respons\u00e1vel por 60% desse valor.<\/p>\n\n\n\n<p>A previs\u00e3o mais recente do IPCC indicou que o aumento m\u00e9dio do n\u00edvel do mar em 2100 ser\u00e1 de 53cm. Contudo, a nova an\u00e1lise demonstrou que, se as tend\u00eancias atuais continuarem, os oceanos v\u00e3o subir 17cm adicionais.<br><br>\u201cCada cent\u00edmetro de aumento do n\u00edvel do mar leva a inunda\u00e7\u00f5es e \u00e0 eros\u00e3o costeira, interrompendo a vida das pessoas em todo o planeta\u201d, disse o professor, acrescentando que os \u201c17cm extras significariam que o n\u00famero de expostos a inunda\u00e7\u00f5es costeiras, a cada ano, iria aumentar de 360 para 400 milh\u00f5es\u201d.<\/p>\n\n\n\n<h2 class=\"wp-block-heading\">&#8220;Sinal claro do aquecimento global&#8221;<\/h2>\n\n\n\n<p>Erik Ivins, do Laborat\u00f3rio de Propuls\u00e3o a Jato da Nasa,a ag\u00eancia espacial norte-americana, na Calif\u00f3rnia, que fez a avalia\u00e7\u00e3o com Shepherd, disse que \u201co gelo perdido \u00e9 um sinal claro do aquecimento global\u201d.<\/p>\n\n\n\n<p>\u201cAs medi\u00e7\u00f5es por sat\u00e9lite fornecem evid\u00eancias, \u00e0 primeira vista, bastante irrefut\u00e1veis\u201d.<br><br>A an\u00e1lise foi feita por uma equipe de 89 cientistas de 50 organiza\u00e7\u00f5es internacionais, que juntaram e compararam os resultados de 26 pesquisas sobre gelo. O estudo incluiu dados de 11 miss\u00f5es de sat\u00e9lite que investigaram o volume vari\u00e1vel, a velocidade do fluxo e a massa das camadas de gelo.<br><br>De acordo com esses cientistas, \u201ccerca de um ter\u00e7o do aumento total do n\u00edvel do mar deve-se \u00e0 perda de gelo da Groenl\u00e2ndia e da Ant\u00e1rtida\u201d. Pouco menos da metade vem da expans\u00e3o t\u00e9rmica da \u00e1gua quente do oceano e um quinto de outras calotas menores.<br><br>Shepherd observou que as calotas de gelo \u201cdemoraram a responder ao aquecimento global causado pelo homem\u201d. A Groenl\u00e2ndia e a Ant\u00e1rtida, no in\u00edcio dos anos 90, eram bastante est\u00e1veis, apesar de d\u00e9cadas de clima quente.<br><br>O IPCC est\u00e1 aproduzindo novo relat\u00f3rio global sobre o clima. \u201cA estimativa da perda de gelo da Groenl\u00e2ndia e da Ant\u00e1rtida \u00e9 oportuna\u201d, afirmou Gu\u00f0finna A\u00f0algeirsd\u00f3ttir, principal autora do novo relat\u00f3rio. A investigadora disse ainda que tamb\u00e9m viu perdas crescentes nas calotas de gelo da Isl\u00e2ndia no ano passado.<br><br>\u201cO ver\u00e3o de 2019 foi muito quente nessa regi\u00e3o\u201d, afirmou.<\/p>\n","protected":false},"excerpt":{"rendered":"<p>As grandes camadas de gelo da Terra, a Groenl\u00e2ndia e a Ant\u00e1rtida, est\u00e3o derretendo seis vezes mais r\u00e1pido do que na d\u00e9cada de 1990, como&hellip; <\/p>\n","protected":false},"author":2,"featured_media":157626,"comment_status":"closed","ping_status":"closed","sticky":false,"template":"","format":"standard","meta":{"sfsi_plus_gutenberg_text_before_share":"","sfsi_plus_gutenberg_show_text_before_share":"","sfsi_plus_gutenberg_icon_type":"","sfsi_plus_gutenberg_icon_alignemt":"","sfsi_plus_gutenburg_max_per_row":"","footnotes":""},"categories":[2],"tags":[],"class_list":["post-157625","post","type-post","status-publish","format-standard","has-post-thumbnail","hentry","category-geral"],"_links":{"self":[{"href":"https:\/\/www.caririemacao.com\/1\/wp-json\/wp\/v2\/posts\/157625","targetHints":{"allow":["GET"]}}],"collection":[{"href":"https:\/\/www.caririemacao.com\/1\/wp-json\/wp\/v2\/posts"}],"about":[{"href":"https:\/\/www.caririemacao.com\/1\/wp-json\/wp\/v2\/types\/post"}],"author":[{"embeddable":true,"href":"https:\/\/www.caririemacao.com\/1\/wp-json\/wp\/v2\/users\/2"}],"replies":[{"embeddable":true,"href":"https:\/\/www.caririemacao.com\/1\/wp-json\/wp\/v2\/comments?post=157625"}],"version-history":[{"count":1,"href":"https:\/\/www.caririemacao.com\/1\/wp-json\/wp\/v2\/posts\/157625\/revisions"}],"predecessor-version":[{"id":157627,"href":"https:\/\/www.caririemacao.com\/1\/wp-json\/wp\/v2\/posts\/157625\/revisions\/157627"}],"wp:featuredmedia":[{"embeddable":true,"href":"https:\/\/www.caririemacao.com\/1\/wp-json\/wp\/v2\/media\/157626"}],"wp:attachment":[{"href":"https:\/\/www.caririemacao.com\/1\/wp-json\/wp\/v2\/media?parent=157625"}],"wp:term":[{"taxonomy":"category","embeddable":true,"href":"https:\/\/www.caririemacao.com\/1\/wp-json\/wp\/v2\/categories?post=157625"},{"taxonomy":"post_tag","embeddable":true,"href":"https:\/\/www.caririemacao.com\/1\/wp-json\/wp\/v2\/tags?post=157625"}],"curies":[{"name":"wp","href":"https:\/\/api.w.org\/{rel}","templated":true}]}}