{"id":157635,"date":"2020-03-12T12:58:10","date_gmt":"2020-03-12T15:58:10","guid":{"rendered":"http:\/\/www.caririemacao.com\/1\/?p=157635"},"modified":"2020-03-12T12:58:12","modified_gmt":"2020-03-12T15:58:12","slug":"adiado-comeco-das-eliminatorias-da-copa-do-mundo","status":"publish","type":"post","link":"https:\/\/www.caririemacao.com\/1\/2020\/03\/12\/adiado-comeco-das-eliminatorias-da-copa-do-mundo\/","title":{"rendered":"Adiado come\u00e7o das eliminat\u00f3rias da Copa do Mundo"},"content":{"rendered":"\n<p>O in\u00edcio das eliminat\u00f3rias sul-americanas para a Copa do Mundo de 2022, no Qatar, foi adiado devido \u00e0 pandemia do coronav\u00edrus, segundo a reportagem apurou. As duas primeiras rodadas da competi\u00e7\u00e3o estavam previstas para os dias 26 e 27 (data em que o Brasil estrearia) e 31 de mar\u00e7o.<\/p>\n\n\n\n<p>A Fifa ainda n\u00e3o se pronunciou oficialmente. A prerrogativa de adiar ou n\u00e3o as partidas cabe \u00e0 entidade m\u00e1xima do futebol mundial.<\/p>\n\n\n\n<p>A Conmebol n\u00e3o confirma o adiamento, mas divulgou no fim da noite desta quarta (11) um of\u00edcio que foi encaminhado \u00e0 Fifa, com a argumenta\u00e7\u00e3o de que n\u00e3o seria poss\u00edvel garantir a log\u00edstica adequada para a apresenta\u00e7\u00e3o das equipes. H\u00e1 alguns pa\u00edses com restri\u00e7\u00f5es para entrada de estrangeiros, sobretudo vindos da Europa e da \u00c1sia.<\/p>\n\n\n\n<p>No documento, a Conmebol afirma que os dez pa\u00edses que disputam as eliminat\u00f3rias do continente est\u00e3o de acordo com a decis\u00e3o.<\/p>\n\n\n\n<p>A sele\u00e7\u00e3o brasileira tinha sua estreia prevista para o dia 27 de mar\u00e7o, em partida contra a Bol\u00edvia, na Arena Pernambuco, e enfrentaria a sele\u00e7\u00e3o peruana no dia 31, no est\u00e1dio Nacional do Peru, em Lima.<\/p>\n\n\n\n<p>Os convocados do t\u00e9cnico Tite deveriam se apresentar no dia 23 de mar\u00e7o, no Recife, onde o elenco daria inicio \u00e0 prepara\u00e7\u00e3o para as partidas.<\/p>\n\n\n\n<p>Ainda n\u00e3o h\u00e1 novas datas definidas para as primeiras rodadas da competi\u00e7\u00e3o.<\/p>\n\n\n\n<p>Os ingressos para o jogo do Brasil em Recife come\u00e7aram a ser vendidos justamente nesta quarta-feira (11). A CBF ainda n\u00e3o se pronunciou sobre as a\u00e7\u00f5es que vai tomar.<\/p>\n\n\n\n<p>A Argentina anunciou nesta quarta (11) que vai impor uma quarentena de 14 dias para argentinos ou estrangeiros que chegarem ao pa\u00eds vindos de pa\u00edses com maior n\u00famero de casos do coronav\u00edrus.<\/p>\n\n\n\n<p>A sele\u00e7\u00e3o brasileira, por exemplo, tem dois de seus convocados atuando no futebol da It\u00e1lia, um dos pa\u00edses mais afetados pelo surto.<\/p>\n\n\n\n<p>Danilo e Alex Sandro, da Juventus, est\u00e3o sendo monitorados pelo clube de Turim ap\u00f3s o zagueiro italiano Rugani ser diagnosticado com coronav\u00edrus.<\/p>\n\n\n\n<p>A entidade sul-americana tamb\u00e9m j\u00e1 age para organizar (ou reorganizar) as suas competi\u00e7\u00f5es. O Paraguai n\u00e3o ter\u00e1 a presen\u00e7a de p\u00fablico nos pr\u00f3ximos eventos esportivos por determina\u00e7\u00e3o do governo. Palmeiras e Santos, por exemplo, ainda jogar\u00e3o pela Libertadores no pa\u00eds.<\/p>\n\n\n\n<p>As eliminat\u00f3rias asi\u00e1ticas para a Copa do Mundo do Qatar, em 2022, marcadas para o fim de maio e para o in\u00edcio de junho, j\u00e1 foram adiadas.<\/p>\n","protected":false},"excerpt":{"rendered":"<p>O in\u00edcio das eliminat\u00f3rias sul-americanas para a Copa do Mundo de 2022, no Qatar, foi adiado devido \u00e0 pandemia do coronav\u00edrus, segundo a reportagem apurou.&hellip; <\/p>\n","protected":false},"author":2,"featured_media":157636,"comment_status":"closed","ping_status":"closed","sticky":false,"template":"","format":"standard","meta":{"sfsi_plus_gutenberg_text_before_share":"","sfsi_plus_gutenberg_show_text_before_share":"","sfsi_plus_gutenberg_icon_type":"","sfsi_plus_gutenberg_icon_alignemt":"","sfsi_plus_gutenburg_max_per_row":"","footnotes":""},"categories":[2],"tags":[],"class_list":["post-157635","post","type-post","status-publish","format-standard","has-post-thumbnail","hentry","category-geral"],"_links":{"self":[{"href":"https:\/\/www.caririemacao.com\/1\/wp-json\/wp\/v2\/posts\/157635","targetHints":{"allow":["GET"]}}],"collection":[{"href":"https:\/\/www.caririemacao.com\/1\/wp-json\/wp\/v2\/posts"}],"about":[{"href":"https:\/\/www.caririemacao.com\/1\/wp-json\/wp\/v2\/types\/post"}],"author":[{"embeddable":true,"href":"https:\/\/www.caririemacao.com\/1\/wp-json\/wp\/v2\/users\/2"}],"replies":[{"embeddable":true,"href":"https:\/\/www.caririemacao.com\/1\/wp-json\/wp\/v2\/comments?post=157635"}],"version-history":[{"count":1,"href":"https:\/\/www.caririemacao.com\/1\/wp-json\/wp\/v2\/posts\/157635\/revisions"}],"predecessor-version":[{"id":157637,"href":"https:\/\/www.caririemacao.com\/1\/wp-json\/wp\/v2\/posts\/157635\/revisions\/157637"}],"wp:featuredmedia":[{"embeddable":true,"href":"https:\/\/www.caririemacao.com\/1\/wp-json\/wp\/v2\/media\/157636"}],"wp:attachment":[{"href":"https:\/\/www.caririemacao.com\/1\/wp-json\/wp\/v2\/media?parent=157635"}],"wp:term":[{"taxonomy":"category","embeddable":true,"href":"https:\/\/www.caririemacao.com\/1\/wp-json\/wp\/v2\/categories?post=157635"},{"taxonomy":"post_tag","embeddable":true,"href":"https:\/\/www.caririemacao.com\/1\/wp-json\/wp\/v2\/tags?post=157635"}],"curies":[{"name":"wp","href":"https:\/\/api.w.org\/{rel}","templated":true}]}}