{"id":157652,"date":"2020-03-12T14:43:49","date_gmt":"2020-03-12T17:43:49","guid":{"rendered":"http:\/\/www.caririemacao.com\/1\/?p=157652"},"modified":"2020-03-12T14:43:51","modified_gmt":"2020-03-12T17:43:51","slug":"caps-de-sume-celebra-dia-internacional-da-mulher-e-retorno-do-projeto-sume-com-flores","status":"publish","type":"post","link":"https:\/\/www.caririemacao.com\/1\/2020\/03\/12\/caps-de-sume-celebra-dia-internacional-da-mulher-e-retorno-do-projeto-sume-com-flores\/","title":{"rendered":"CAPS de Sum\u00e9 celebra Dia Internacional da Mulher e retorno do Projeto Sum\u00e9 com Flores"},"content":{"rendered":"\n<p>Durante a semana da mulher, o CAPS de Sum\u00e9 desenvolveu v\u00e1rias atividades voltadas para os\/as usu\u00e1rios\/as do servi\u00e7o, enfatizando o Dia Internacional da Mulher.<\/p>\n\n\n\n<p>As atividades sobre a data foram trabalhadas atrav\u00e9s de rodas de conversas e discuss\u00f5es sobre a import\u00e2ncia e significado do dia 08 de mar\u00e7o.<\/p>\n\n\n\n<p>Na quarta-feira (11), o Centro de Aten\u00e7\u00e3o Psicosocial tamb\u00e9m retomou as atividades do Projeto Sum\u00e9 com Flores, prestando mais uma homenagem \u00e0s mulheres pelo seu dia.<\/p>\n\n\n\n<p>No Projeto, localizado no CDSA\/UFCG, foram realizadas pr\u00e1ticas de atividades f\u00edsicas e uma din\u00e2mica de grupo celebrando as mulheres. Ao final, foram distribu\u00eddas mudas de plantas suculentas, cultivadas, colhidas e ornamentadas pelos pr\u00f3prios usu\u00e1rios do CAPS.<\/p>\n\n\n\n<p>O Projeto Sum\u00e9 com Flores existe h\u00e1 sete anos e tem contribu\u00eddo para a reinser\u00e7\u00e3o social dos\/as usu\u00e1rios\/as atrav\u00e9s de atividades produtivas, al\u00e9m de promover a eleva\u00e7\u00e3o do sentimento de pertencimento, autonomia, autoestima e bem-estar promovido pelo contato direto com a natureza e com o territ\u00f3rio.<\/p>\n","protected":false},"excerpt":{"rendered":"<p>Durante a semana da mulher, o CAPS de Sum\u00e9 desenvolveu v\u00e1rias atividades voltadas para os\/as usu\u00e1rios\/as do servi\u00e7o, enfatizando o Dia Internacional da Mulher. As&hellip; <\/p>\n","protected":false},"author":2,"featured_media":157653,"comment_status":"closed","ping_status":"closed","sticky":false,"template":"","format":"standard","meta":{"sfsi_plus_gutenberg_text_before_share":"","sfsi_plus_gutenberg_show_text_before_share":"","sfsi_plus_gutenberg_icon_type":"","sfsi_plus_gutenberg_icon_alignemt":"","sfsi_plus_gutenburg_max_per_row":"","footnotes":""},"categories":[50,14],"tags":[],"class_list":["post-157652","post","type-post","status-publish","format-standard","has-post-thumbnail","hentry","category-destaque","category-educacao"],"_links":{"self":[{"href":"https:\/\/www.caririemacao.com\/1\/wp-json\/wp\/v2\/posts\/157652","targetHints":{"allow":["GET"]}}],"collection":[{"href":"https:\/\/www.caririemacao.com\/1\/wp-json\/wp\/v2\/posts"}],"about":[{"href":"https:\/\/www.caririemacao.com\/1\/wp-json\/wp\/v2\/types\/post"}],"author":[{"embeddable":true,"href":"https:\/\/www.caririemacao.com\/1\/wp-json\/wp\/v2\/users\/2"}],"replies":[{"embeddable":true,"href":"https:\/\/www.caririemacao.com\/1\/wp-json\/wp\/v2\/comments?post=157652"}],"version-history":[{"count":1,"href":"https:\/\/www.caririemacao.com\/1\/wp-json\/wp\/v2\/posts\/157652\/revisions"}],"predecessor-version":[{"id":157654,"href":"https:\/\/www.caririemacao.com\/1\/wp-json\/wp\/v2\/posts\/157652\/revisions\/157654"}],"wp:featuredmedia":[{"embeddable":true,"href":"https:\/\/www.caririemacao.com\/1\/wp-json\/wp\/v2\/media\/157653"}],"wp:attachment":[{"href":"https:\/\/www.caririemacao.com\/1\/wp-json\/wp\/v2\/media?parent=157652"}],"wp:term":[{"taxonomy":"category","embeddable":true,"href":"https:\/\/www.caririemacao.com\/1\/wp-json\/wp\/v2\/categories?post=157652"},{"taxonomy":"post_tag","embeddable":true,"href":"https:\/\/www.caririemacao.com\/1\/wp-json\/wp\/v2\/tags?post=157652"}],"curies":[{"name":"wp","href":"https:\/\/api.w.org\/{rel}","templated":true}]}}