{"id":157656,"date":"2020-03-12T14:46:48","date_gmt":"2020-03-12T17:46:48","guid":{"rendered":"http:\/\/www.caririemacao.com\/1\/?p=157656"},"modified":"2020-03-12T14:46:50","modified_gmt":"2020-03-12T17:46:50","slug":"bolsonaro-e-ministros-ja-sao-monitorados-apos-confirmacao-de-coronavirus-no-planalto","status":"publish","type":"post","link":"https:\/\/www.caririemacao.com\/1\/2020\/03\/12\/bolsonaro-e-ministros-ja-sao-monitorados-apos-confirmacao-de-coronavirus-no-planalto\/","title":{"rendered":"Bolsonaro e ministros j\u00e1 s\u00e3o monitorados ap\u00f3s confirma\u00e7\u00e3o de Coronav\u00edrus no Planalto"},"content":{"rendered":"\n<p>O&nbsp;presidente Jair Bolsonaro e integrantes da comitiva que viajou a Miami, nos Estados Unidos, est\u00e3o sendo monitorados devido ao primeiro caso de Coronav\u00edrus confirmado no Pal\u00e1cio do Planalto. O secret\u00e1rio especial de Comunica\u00e7\u00e3o, F\u00e1bio&nbsp;Wajngarten, testou positivo no exame para detectar Coronav\u00edrus e aguarda a contraprova.<\/p>\n\n\n\n<p>Ap\u00f3s voltar dos Estados Unidos ele apresentou sintomas de gripe e foi submetido ao exame.<\/p>\n\n\n\n<p>Ainda nesta quarta-feira (11), o grupo que viajou a Miami come\u00e7ou a receber liga\u00e7\u00f5es do gabinete da Presid\u00eancia orientando que ao reconhecer qualquer sintoma, fizesse o comunicado imediatamente e procurasse um hospital militar em Bras\u00edlia.<br><\/p>\n\n\n\n<p>Al\u00e9m de Jair Bolsonaro, tamb\u00e9m participaram da comitiva aos Estados Unidos os ministros Ernesto Ara\u00fajo (Rela\u00e7\u00f5es Exteriores), Augusto Heleno (Gabinete de Seguran\u00e7a Institucional), Fernando Azevedo e Silva (Defesa) e Bento Albuquerque (Minas e Energia).<br><\/p>\n\n\n\n<p>Tamb\u00e9m viajaram os senadores Nelsinho Trad (PTB-MS) e Jorginho Mello (PL-SC); os deputados Eduardo Bolsonaro (PSL-SP) e Daniel Freitas (PSL-SC), o assessor especial Filipe Martins, o presidente da Embratur, Gilson Machado, o secret\u00e1rio especial de Pesca, Jorge Seif Jr, entre outros.<\/p>\n","protected":false},"excerpt":{"rendered":"<p>O&nbsp;presidente Jair Bolsonaro e integrantes da comitiva que viajou a Miami, nos Estados Unidos, est\u00e3o sendo monitorados devido ao primeiro caso de Coronav\u00edrus confirmado no&hellip; <\/p>\n","protected":false},"author":2,"featured_media":142615,"comment_status":"closed","ping_status":"closed","sticky":false,"template":"","format":"standard","meta":{"sfsi_plus_gutenberg_text_before_share":"","sfsi_plus_gutenberg_show_text_before_share":"","sfsi_plus_gutenberg_icon_type":"","sfsi_plus_gutenberg_icon_alignemt":"","sfsi_plus_gutenburg_max_per_row":"","footnotes":""},"categories":[11],"tags":[],"class_list":["post-157656","post","type-post","status-publish","format-standard","has-post-thumbnail","hentry","category-politica"],"_links":{"self":[{"href":"https:\/\/www.caririemacao.com\/1\/wp-json\/wp\/v2\/posts\/157656","targetHints":{"allow":["GET"]}}],"collection":[{"href":"https:\/\/www.caririemacao.com\/1\/wp-json\/wp\/v2\/posts"}],"about":[{"href":"https:\/\/www.caririemacao.com\/1\/wp-json\/wp\/v2\/types\/post"}],"author":[{"embeddable":true,"href":"https:\/\/www.caririemacao.com\/1\/wp-json\/wp\/v2\/users\/2"}],"replies":[{"embeddable":true,"href":"https:\/\/www.caririemacao.com\/1\/wp-json\/wp\/v2\/comments?post=157656"}],"version-history":[{"count":1,"href":"https:\/\/www.caririemacao.com\/1\/wp-json\/wp\/v2\/posts\/157656\/revisions"}],"predecessor-version":[{"id":157658,"href":"https:\/\/www.caririemacao.com\/1\/wp-json\/wp\/v2\/posts\/157656\/revisions\/157658"}],"wp:featuredmedia":[{"embeddable":true,"href":"https:\/\/www.caririemacao.com\/1\/wp-json\/wp\/v2\/media\/142615"}],"wp:attachment":[{"href":"https:\/\/www.caririemacao.com\/1\/wp-json\/wp\/v2\/media?parent=157656"}],"wp:term":[{"taxonomy":"category","embeddable":true,"href":"https:\/\/www.caririemacao.com\/1\/wp-json\/wp\/v2\/categories?post=157656"},{"taxonomy":"post_tag","embeddable":true,"href":"https:\/\/www.caririemacao.com\/1\/wp-json\/wp\/v2\/tags?post=157656"}],"curies":[{"name":"wp","href":"https:\/\/api.w.org\/{rel}","templated":true}]}}