{"id":157662,"date":"2020-03-12T16:03:58","date_gmt":"2020-03-12T19:03:58","guid":{"rendered":"http:\/\/www.caririemacao.com\/1\/?p=157662"},"modified":"2020-03-12T16:04:00","modified_gmt":"2020-03-12T19:04:00","slug":"prefeito-jefferson-roberto-participa-da-entrega-de-selo-prefeitura-parceira-das-mulheres","status":"publish","type":"post","link":"https:\/\/www.caririemacao.com\/1\/2020\/03\/12\/prefeito-jefferson-roberto-participa-da-entrega-de-selo-prefeitura-parceira-das-mulheres\/","title":{"rendered":"Prefeito Jefferson Roberto participa da entrega de Selo &#8216;Prefeitura Parceira das Mulheres&#8217;"},"content":{"rendered":"\n<p>O prefeito de S\u00e3o Jos\u00e9 dos Cordeiros, Jefferson Roberto, esteve participando na manh\u00e3 desta quinta-feira (12), da entrega do Selo Prefeitura Parceira das Mulheres organizado pelo Governo do Estado da Paraiba. <\/p>\n\n\n\n<p>De acordo com o prefeito, &#8220;nosso municipio atrav\u00e9s do trabalho da nossa equipe de trabalho, fomos selecionados. E isso muito nos honra e nos dar foroa para continuar o trabalho em prol da nossa populao\u00e9o e da nossa cidade S\u00e9o Jos\u00e9 dos Cordeiros. Que Deus continue nos aben\u00e7oando&#8221;. <\/p>\n","protected":false},"excerpt":{"rendered":"<p>O prefeito de S\u00e3o Jos\u00e9 dos Cordeiros, Jefferson Roberto, esteve participando na manh\u00e3 desta quinta-feira (12), da entrega do Selo Prefeitura Parceira das Mulheres organizado&hellip; <\/p>\n","protected":false},"author":1,"featured_media":157663,"comment_status":"closed","ping_status":"closed","sticky":false,"template":"","format":"standard","meta":{"sfsi_plus_gutenberg_text_before_share":"","sfsi_plus_gutenberg_show_text_before_share":"","sfsi_plus_gutenberg_icon_type":"","sfsi_plus_gutenberg_icon_alignemt":"","sfsi_plus_gutenburg_max_per_row":"","footnotes":""},"categories":[1],"tags":[],"class_list":["post-157662","post","type-post","status-publish","format-standard","has-post-thumbnail","hentry","category-o-site"],"_links":{"self":[{"href":"https:\/\/www.caririemacao.com\/1\/wp-json\/wp\/v2\/posts\/157662","targetHints":{"allow":["GET"]}}],"collection":[{"href":"https:\/\/www.caririemacao.com\/1\/wp-json\/wp\/v2\/posts"}],"about":[{"href":"https:\/\/www.caririemacao.com\/1\/wp-json\/wp\/v2\/types\/post"}],"author":[{"embeddable":true,"href":"https:\/\/www.caririemacao.com\/1\/wp-json\/wp\/v2\/users\/1"}],"replies":[{"embeddable":true,"href":"https:\/\/www.caririemacao.com\/1\/wp-json\/wp\/v2\/comments?post=157662"}],"version-history":[{"count":1,"href":"https:\/\/www.caririemacao.com\/1\/wp-json\/wp\/v2\/posts\/157662\/revisions"}],"predecessor-version":[{"id":157664,"href":"https:\/\/www.caririemacao.com\/1\/wp-json\/wp\/v2\/posts\/157662\/revisions\/157664"}],"wp:featuredmedia":[{"embeddable":true,"href":"https:\/\/www.caririemacao.com\/1\/wp-json\/wp\/v2\/media\/157663"}],"wp:attachment":[{"href":"https:\/\/www.caririemacao.com\/1\/wp-json\/wp\/v2\/media?parent=157662"}],"wp:term":[{"taxonomy":"category","embeddable":true,"href":"https:\/\/www.caririemacao.com\/1\/wp-json\/wp\/v2\/categories?post=157662"},{"taxonomy":"post_tag","embeddable":true,"href":"https:\/\/www.caririemacao.com\/1\/wp-json\/wp\/v2\/tags?post=157662"}],"curies":[{"name":"wp","href":"https:\/\/api.w.org\/{rel}","templated":true}]}}