{"id":157667,"date":"2020-03-13T06:05:09","date_gmt":"2020-03-13T09:05:09","guid":{"rendered":"http:\/\/www.caririemacao.com\/1\/?p=157667"},"modified":"2020-03-13T06:05:11","modified_gmt":"2020-03-13T09:05:11","slug":"por-que-idosos-estao-entre-os-grupos-mais-vulneraveis-ao-coronavirus-saiba-quais-sao-os-riscos","status":"publish","type":"post","link":"https:\/\/www.caririemacao.com\/1\/2020\/03\/13\/por-que-idosos-estao-entre-os-grupos-mais-vulneraveis-ao-coronavirus-saiba-quais-sao-os-riscos\/","title":{"rendered":"Por que idosos est\u00e3o entre os grupos mais vulner\u00e1veis ao coronav\u00edrus? Saiba quais s\u00e3o os riscos"},"content":{"rendered":"\n<p>Os idosos costumam ser mais vulner\u00e1veis a doen\u00e7as infectocontagiosas \u2013 e a Covid-19, doen\u00e7a causada pelo novo coronav\u00edrus, n\u00e3o \u00e9 exce\u00e7\u00e3o. Relat\u00f3rios da Organiza\u00e7\u00e3o Mundial de Sa\u00fade (OMS) e do Minist\u00e9rio da Sa\u00fade colocam os mais velhos entre os mais suscet\u00edveis a essa enfermidade.<\/p>\n\n\n\n<p>Segundo o m\u00e9dico infectologista Caio Rosenthal, uma s\u00e9rie de fatores colabora para que esse grupo seja mais afetado que a popula\u00e7\u00e3o em geral. Veja, abaixo, alguns deles:<\/p>\n\n\n\n<ul class=\"wp-block-list\"><li>O sistema imunol\u00f3gico dos idosos costuma ser deficiente por causa da idade<\/li><li>Mesmo as vacinas tomadas na juventude j\u00e1 n\u00e3o s\u00e3o t\u00e3o eficazes, portanto h\u00e1 menos anticorpos no organismo<\/li><li>Os pulm\u00f5es e mucosas tornam-se mais fr\u00e1geis e vulner\u00e1veis a doen\u00e7as virais<\/li><li>O idoso costuma engasgar e aspirar mais, inclusive levando mais a m\u00e3o \u00e0 boca, aumentando o risco de cont\u00e1gio<\/li><li>Ele tamb\u00e9m vai a hospitais com mais frequ\u00eancia, ficando mais exposto a micro-organismos<\/li><\/ul>\n\n\n\n<p><strong>Veja os cuidados espec\u00edficos que os mais velhos devem tomar:<\/strong><\/p>\n\n\n\n<ul class=\"wp-block-list\"><li>Estar com as vacinas em dia<\/li><li>Controlar poss\u00edveis casos de diabetes e de outras enfermidades (como doen\u00e7as card\u00edacas, por exemplo)<\/li><li>Manter-se fisicamente ativo<\/li><li>Reduzir, apenas quando poss\u00edvel, as idas a hospitais, para evitar cont\u00e1gio<\/li><\/ul>\n\n\n\n<p>As outras recomenda\u00e7\u00f5es, diz o m\u00e9dico, s\u00e3o as mesmas destinadas a outras faixas da popula\u00e7\u00e3o: lavar bem as m\u00e3os, afastar-se de pessoas com suspeita de infec\u00e7\u00e3o e tentar n\u00e3o levar uma vida sedent\u00e1ria \u2013 al\u00e9m de n\u00e3o fumar.<\/p>\n\n\n\n<p>O infectologista alerta que cuidadores e familiares que costumam ficar perto de idosos devem redobrar a aten\u00e7\u00e3o com rela\u00e7\u00e3o \u00e0 limpeza das pr\u00f3prias m\u00e3os e roupas antes de entrar em contato com os mais velhos.<\/p>\n\n\n\n<p><strong>Entenda os riscos para idosos<\/strong><\/p>\n\n\n\n<p>A deteriora\u00e7\u00e3o do sistema imunol\u00f3gico pela idade \u00e9 chamada de imunossenesc\u00eancia, como explicou em entrevista \u00e0 BBC em fevereiro o infectologista Kleber Luz, da Universidade Federal do Rio Grande do Norte (UFRN).<\/p>\n\n\n\n<p>O corpo pode n\u00e3o apenas reagir de forma insuficiente \u2013 sendo incapaz de combater a doen\u00e7a provocada pelo v\u00edrus \u2013 como tamb\u00e9m oferecer uma resposta exagerada, o que prejudica o organismo.<\/p>\n\n\n\n<p>Segundo a BBC, o novo coronav\u00edrus chega a ser quase sete vezes mais letal entre quem tem mais de 80 anos.<\/p>\n\n\n\n<p>Rosenthal aponta que a idade deixa os pulm\u00f5es e mucosas mais fr\u00e1geis e vulner\u00e1veis a doen\u00e7as virais. O metabolismo tamb\u00e9m n\u00e3o \u00e9 mais t\u00e3o eficiente, o que leva a uma tend\u00eancia \u00e0 desnutri\u00e7\u00e3o.<\/p>\n\n\n\n<p>\u201cE o idoso tamb\u00e9m costuma engasgar e aspirar mais facilmente. Faz parte do decl\u00ednio f\u00edsico e das fun\u00e7\u00f5es cognitivas, \u00e9 normal.&#8221;<\/p>\n\n\n\n<p>Em entrevista ao G1, o o infectologista Caio Rosenthal explica que os idosos frequentam mais hospitais \u2013 isso os deixa mais expostos a agentes infecciosos que circulam nesses ambientes, como o coronav\u00edrus.<\/p>\n\n\n\n<p><strong>Cuidados que idosos devem tomar<\/strong><\/p>\n\n\n\n<p>&#8220;Uma recomenda\u00e7\u00e3o \u00e9 estar com as vacinas em dia&#8221;, diz o Rosenthal. N\u00e3o porque a vacina previna a Covid-19, mas pra se preservar, no caso de contrair a doen\u00e7a: &#8220;N\u00e3o \u00e9 interessante desenvolver uma gripe ou uma pneumonia enquanto se combate o coronav\u00edrus&#8221;.<\/p>\n\n\n\n<p>Rosenthal recomenda ainda que o idoso evite ficar parado e se movimente, no limite de suas capacidades.<\/p>\n\n\n\n<p>\u201cA tend\u00eancia, se ele for infectado, \u00e9 acumular secre\u00e7\u00e3o. Estando parado, ele acaba n\u00e3o a expelindo, e isso pode formar um caldo que facilita a prolifera\u00e7\u00e3o de bact\u00e9rias.&#8221;<br>O ideal \u00e9 que a pessoa tamb\u00e9m esteja com diabetes e doen\u00e7as do cora\u00e7\u00e3o controladas. E diminua, quando poss\u00edvel, as idas a hospitais, para evitar o cont\u00e1gio.<\/p>\n","protected":false},"excerpt":{"rendered":"<p>Os idosos costumam ser mais vulner\u00e1veis a doen\u00e7as infectocontagiosas \u2013 e a Covid-19, doen\u00e7a causada pelo novo coronav\u00edrus, n\u00e3o \u00e9 exce\u00e7\u00e3o. Relat\u00f3rios da Organiza\u00e7\u00e3o Mundial&hellip; <\/p>\n","protected":false},"author":2,"featured_media":157668,"comment_status":"closed","ping_status":"closed","sticky":false,"template":"","format":"standard","meta":{"sfsi_plus_gutenberg_text_before_share":"","sfsi_plus_gutenberg_show_text_before_share":"","sfsi_plus_gutenberg_icon_type":"","sfsi_plus_gutenberg_icon_alignemt":"","sfsi_plus_gutenburg_max_per_row":"","footnotes":""},"categories":[50,16],"tags":[],"class_list":["post-157667","post","type-post","status-publish","format-standard","has-post-thumbnail","hentry","category-destaque","category-saude"],"_links":{"self":[{"href":"https:\/\/www.caririemacao.com\/1\/wp-json\/wp\/v2\/posts\/157667","targetHints":{"allow":["GET"]}}],"collection":[{"href":"https:\/\/www.caririemacao.com\/1\/wp-json\/wp\/v2\/posts"}],"about":[{"href":"https:\/\/www.caririemacao.com\/1\/wp-json\/wp\/v2\/types\/post"}],"author":[{"embeddable":true,"href":"https:\/\/www.caririemacao.com\/1\/wp-json\/wp\/v2\/users\/2"}],"replies":[{"embeddable":true,"href":"https:\/\/www.caririemacao.com\/1\/wp-json\/wp\/v2\/comments?post=157667"}],"version-history":[{"count":1,"href":"https:\/\/www.caririemacao.com\/1\/wp-json\/wp\/v2\/posts\/157667\/revisions"}],"predecessor-version":[{"id":157669,"href":"https:\/\/www.caririemacao.com\/1\/wp-json\/wp\/v2\/posts\/157667\/revisions\/157669"}],"wp:featuredmedia":[{"embeddable":true,"href":"https:\/\/www.caririemacao.com\/1\/wp-json\/wp\/v2\/media\/157668"}],"wp:attachment":[{"href":"https:\/\/www.caririemacao.com\/1\/wp-json\/wp\/v2\/media?parent=157667"}],"wp:term":[{"taxonomy":"category","embeddable":true,"href":"https:\/\/www.caririemacao.com\/1\/wp-json\/wp\/v2\/categories?post=157667"},{"taxonomy":"post_tag","embeddable":true,"href":"https:\/\/www.caririemacao.com\/1\/wp-json\/wp\/v2\/tags?post=157667"}],"curies":[{"name":"wp","href":"https:\/\/api.w.org\/{rel}","templated":true}]}}