{"id":157832,"date":"2020-03-13T13:36:03","date_gmt":"2020-03-13T16:36:03","guid":{"rendered":"http:\/\/www.caririemacao.com\/1\/?p=157832"},"modified":"2020-03-13T13:36:05","modified_gmt":"2020-03-13T16:36:05","slug":"terminam-hoje-as-inscricoes-para-as-vagas-remanescentes-do-sisu-2020-1-da-ufcg","status":"publish","type":"post","link":"https:\/\/www.caririemacao.com\/1\/2020\/03\/13\/terminam-hoje-as-inscricoes-para-as-vagas-remanescentes-do-sisu-2020-1-da-ufcg\/","title":{"rendered":"Terminam hoje as inscri\u00e7\u00f5es para as vagas remanescentes do SISU 2020.1 da UFCG"},"content":{"rendered":"\n<p>Ser\u00e3o encerradas hoje(13\/03), as inscri\u00e7\u00f5es para os interessados em concorrer ao edital para o preenchimento de vagas remanescentes oriundas do Sistema de Sele\u00e7\u00e3o Unificada (SISU), para ingresso no per\u00edodo letivo 2020.1 na Universidade Federal de Campina Grande (UFCG). O Campus Sum\u00e9 (Centro de Desenvolvimento Sustent\u00e1vel do Semi\u00e1rido) est\u00e1 oferecendo 77 vagas no total, distribu\u00eddas para os cursos de de Agroecologia (10 vagas), Licenciatura em Ci\u00eancias Sociais (1 vaga), Engenharia de Biossistemas (8 vagas), Engenharia de Biotecnologia e Bioprocessos (20 vagas), Engenharia de Produ\u00e7\u00e3o (11 vagas) e Interdisciplinar em Educa\u00e7\u00e3o do Campo (27 vagas).<\/p>\n\n\n\n<p>As inscri\u00e7\u00f5es s\u00e3o gratuitas&nbsp;e devem ser feitas no site da Comiss\u00e3o de Processos Vestibulares (Comprov) \u2013&nbsp;<a href=\"http:\/\/www.comprov.ufcg.edu.br\/\" target=\"_blank\" rel=\"noreferrer noopener\">www.comprov.ufcg.edu.br<\/a>.<\/p>\n\n\n\n<p>Para participar, \u00e9 necess\u00e1rio ter realizado o Exame Nacional do Ensino M\u00e9dio (ENEM) no ano de 2019, com m\u00e9dia aritm\u00e9tica maior que 400 pontos. A sele\u00e7\u00e3o ser\u00e1 feita por meio da maior nota obtida no ENEM, por ordem de classifica\u00e7\u00e3o. O resultado ser\u00e1 publicado a partir das 15h do dia 16 de mar\u00e7o. O cadastramento e matr\u00edcula em disciplinas dos classificados acontecer\u00e3o no dia 18.<\/p>\n\n\n\n<p>Caso ainda existam vagas remanescentes ap\u00f3s a divulga\u00e7\u00e3o dos classificados, uma segunda chamada ser\u00e1 realizada no dia 19 de mar\u00e7o, com cadastramento e matr\u00edcula sendo realizados no dia 20.<\/p>\n\n\n\n<p>Confira outras informa\u00e7\u00f5es no&nbsp;<a href=\"https:\/\/comprov.ufcg.edu.br\/phocadownload\/userupload\/graduacao\/vagas-remanescentes2020\/Edital%20PRE%20No%2003.2020%20-%20Processo%20Seletivo%202020.1%20-%20Vagas%20Remanescentes.pdf\" target=\"_blank\" rel=\"noreferrer noopener\">edital (acesse aqui)<\/a>.<\/p>\n\n\n\n<p>Fonte: Assimp CDSA\/UFCG<\/p>\n","protected":false},"excerpt":{"rendered":"<p>Ser\u00e3o encerradas hoje(13\/03), as inscri\u00e7\u00f5es para os interessados em concorrer ao edital para o preenchimento de vagas remanescentes oriundas do Sistema de Sele\u00e7\u00e3o Unificada (SISU),&hellip; <\/p>\n","protected":false},"author":2,"featured_media":156984,"comment_status":"closed","ping_status":"closed","sticky":false,"template":"","format":"standard","meta":{"sfsi_plus_gutenberg_text_before_share":"","sfsi_plus_gutenberg_show_text_before_share":"","sfsi_plus_gutenberg_icon_type":"","sfsi_plus_gutenberg_icon_alignemt":"","sfsi_plus_gutenburg_max_per_row":"","footnotes":""},"categories":[14],"tags":[],"class_list":["post-157832","post","type-post","status-publish","format-standard","has-post-thumbnail","hentry","category-educacao"],"_links":{"self":[{"href":"https:\/\/www.caririemacao.com\/1\/wp-json\/wp\/v2\/posts\/157832","targetHints":{"allow":["GET"]}}],"collection":[{"href":"https:\/\/www.caririemacao.com\/1\/wp-json\/wp\/v2\/posts"}],"about":[{"href":"https:\/\/www.caririemacao.com\/1\/wp-json\/wp\/v2\/types\/post"}],"author":[{"embeddable":true,"href":"https:\/\/www.caririemacao.com\/1\/wp-json\/wp\/v2\/users\/2"}],"replies":[{"embeddable":true,"href":"https:\/\/www.caririemacao.com\/1\/wp-json\/wp\/v2\/comments?post=157832"}],"version-history":[{"count":1,"href":"https:\/\/www.caririemacao.com\/1\/wp-json\/wp\/v2\/posts\/157832\/revisions"}],"predecessor-version":[{"id":157833,"href":"https:\/\/www.caririemacao.com\/1\/wp-json\/wp\/v2\/posts\/157832\/revisions\/157833"}],"wp:featuredmedia":[{"embeddable":true,"href":"https:\/\/www.caririemacao.com\/1\/wp-json\/wp\/v2\/media\/156984"}],"wp:attachment":[{"href":"https:\/\/www.caririemacao.com\/1\/wp-json\/wp\/v2\/media?parent=157832"}],"wp:term":[{"taxonomy":"category","embeddable":true,"href":"https:\/\/www.caririemacao.com\/1\/wp-json\/wp\/v2\/categories?post=157832"},{"taxonomy":"post_tag","embeddable":true,"href":"https:\/\/www.caririemacao.com\/1\/wp-json\/wp\/v2\/tags?post=157832"}],"curies":[{"name":"wp","href":"https:\/\/api.w.org\/{rel}","templated":true}]}}