{"id":157835,"date":"2020-03-13T13:40:19","date_gmt":"2020-03-13T16:40:19","guid":{"rendered":"http:\/\/www.caririemacao.com\/1\/?p=157835"},"modified":"2020-03-13T13:40:21","modified_gmt":"2020-03-13T16:40:21","slug":"em-plena-luz-do-dia-farmacia-e-assaltada-no-centro-de-sao-joao-do-cariri","status":"publish","type":"post","link":"https:\/\/www.caririemacao.com\/1\/2020\/03\/13\/em-plena-luz-do-dia-farmacia-e-assaltada-no-centro-de-sao-joao-do-cariri\/","title":{"rendered":"Em plena luz do dia, farm\u00e1cia \u00e9 assaltada no centro de S\u00e3o Jo\u00e3o do Cariri"},"content":{"rendered":"\n<div class=\"wp-block-image\"><figure class=\"aligncenter\"><img decoding=\"async\" data-src=\"http:\/\/deolhonocariri.com.br\/wp-content\/uploads\/2020\/03\/aaaaaaaaaaaaa.jpg\" alt=\"\" class=\"wp-image-79128 lazyload\" src=\"data:image\/svg+xml;base64,PHN2ZyB3aWR0aD0iMSIgaGVpZ2h0PSIxIiB4bWxucz0iaHR0cDovL3d3dy53My5vcmcvMjAwMC9zdmciPjwvc3ZnPg==\" \/><\/figure><\/div>\n\n\n\n<p>Por volta das 11h45 da manh\u00e3 desta sexta-feira(13) um assalto foi registrado a um empreendimento comercial na cidade de S\u00e3o Jo\u00e3o do Cariri, no Cariri da Para\u00edba.<\/p>\n\n\n\n<p>A farm\u00e1cia \u2018Cariri Farma\u2019 que fica localizada no centro da cidade foi assaltada por um meliante que de cara limpa, chegou em uma moto e adentrou no local e sem fazer alarde abordou a propriet\u00e1ria da farm\u00e1cia e anunciou o assalto.<\/p>\n\n\n\n<div class=\"wp-block-image\"><figure class=\"aligncenter\"><img decoding=\"async\" data-src=\"http:\/\/deolhonocariri.com.br\/wp-content\/uploads\/2020\/03\/aaabbbb.jpg\" alt=\"\" class=\"wp-image-79129 lazyload\" src=\"data:image\/svg+xml;base64,PHN2ZyB3aWR0aD0iMSIgaGVpZ2h0PSIxIiB4bWxucz0iaHR0cDovL3d3dy53My5vcmcvMjAwMC9zdmciPjwvc3ZnPg==\" \/><\/figure><\/div>\n\n\n\n<p>O fato curioso foi que o assaltante agiu de forma tranquila e audaciosa durante o assalto.<\/p>\n\n\n\n<p>Ainda n\u00e3o sabe o valor de numer\u00e1rio que o assaltante teria levado. Toda a\u00e7\u00e3o foi registrada pelas c\u00e2meras de circuito interno da farm\u00e1cia.<\/p>\n\n\n\n<p>A Pol\u00edcia Militar foi acionada e j\u00e1 realiza dilig\u00eancias na tentativa de capturar o assaltante.<\/p>\n\n\n\n<p><strong>De Olho no Cariri<\/strong><\/p>\n","protected":false},"excerpt":{"rendered":"<p>Por volta das 11h45 da manh\u00e3 desta sexta-feira(13) um assalto foi registrado a um empreendimento comercial na cidade de S\u00e3o Jo\u00e3o do Cariri, no Cariri&hellip; <\/p>\n","protected":false},"author":2,"featured_media":42005,"comment_status":"closed","ping_status":"closed","sticky":false,"template":"","format":"standard","meta":{"sfsi_plus_gutenberg_text_before_share":"","sfsi_plus_gutenberg_show_text_before_share":"","sfsi_plus_gutenberg_icon_type":"","sfsi_plus_gutenberg_icon_alignemt":"","sfsi_plus_gutenburg_max_per_row":"","footnotes":""},"categories":[12],"tags":[],"class_list":["post-157835","post","type-post","status-publish","format-standard","has-post-thumbnail","hentry","category-policia"],"_links":{"self":[{"href":"https:\/\/www.caririemacao.com\/1\/wp-json\/wp\/v2\/posts\/157835","targetHints":{"allow":["GET"]}}],"collection":[{"href":"https:\/\/www.caririemacao.com\/1\/wp-json\/wp\/v2\/posts"}],"about":[{"href":"https:\/\/www.caririemacao.com\/1\/wp-json\/wp\/v2\/types\/post"}],"author":[{"embeddable":true,"href":"https:\/\/www.caririemacao.com\/1\/wp-json\/wp\/v2\/users\/2"}],"replies":[{"embeddable":true,"href":"https:\/\/www.caririemacao.com\/1\/wp-json\/wp\/v2\/comments?post=157835"}],"version-history":[{"count":1,"href":"https:\/\/www.caririemacao.com\/1\/wp-json\/wp\/v2\/posts\/157835\/revisions"}],"predecessor-version":[{"id":157836,"href":"https:\/\/www.caririemacao.com\/1\/wp-json\/wp\/v2\/posts\/157835\/revisions\/157836"}],"wp:featuredmedia":[{"embeddable":true,"href":"https:\/\/www.caririemacao.com\/1\/wp-json\/wp\/v2\/media\/42005"}],"wp:attachment":[{"href":"https:\/\/www.caririemacao.com\/1\/wp-json\/wp\/v2\/media?parent=157835"}],"wp:term":[{"taxonomy":"category","embeddable":true,"href":"https:\/\/www.caririemacao.com\/1\/wp-json\/wp\/v2\/categories?post=157835"},{"taxonomy":"post_tag","embeddable":true,"href":"https:\/\/www.caririemacao.com\/1\/wp-json\/wp\/v2\/tags?post=157835"}],"curies":[{"name":"wp","href":"https:\/\/api.w.org\/{rel}","templated":true}]}}