{"id":157838,"date":"2020-03-13T14:09:09","date_gmt":"2020-03-13T17:09:09","guid":{"rendered":"http:\/\/www.caririemacao.com\/1\/?p=157838"},"modified":"2020-03-13T14:38:53","modified_gmt":"2020-03-13T17:38:53","slug":"prefeito-de-amparo-realiza-entrega-de-certificados-aos-alunos-do-atendimento-pre-hospitalar","status":"publish","type":"post","link":"https:\/\/www.caririemacao.com\/1\/2020\/03\/13\/prefeito-de-amparo-realiza-entrega-de-certificados-aos-alunos-do-atendimento-pre-hospitalar\/","title":{"rendered":"Prefeito de Amparo realiza entrega de certificados aos alunos do Atendimento Pr\u00e9-hospitalar"},"content":{"rendered":"\n<p>\u00a0A Prefeitura de Amparo junto com a Secretaria de Sa\u00fade realizaram na tarde desta quinta-feira (12) a entrega dos Diplomas dos alunos que participaram do Curso de Atendimento Pr\u00e9-hospitalar, oferecido gratuitamente pela gest\u00e3o municipal.<\/p>\n\n\n\n<p><br>Todos os profissionais da sa\u00fade, incluindo os motoristas participaram do curso, visando melhor atender cada vez melhor a popula\u00e7\u00e3o Amparense.<\/p>\n\n\n\n<p>Al\u00e9m dos certificados, foram entregues kit\u2019s para os ACS\u2019s e ACE\u2019s, e tamb\u00e9m v\u00e1rios instrumentos de educa\u00e7\u00e3o em sa\u00fade, dentre eles fantasias, fantoches, porta palestras e fam\u00edlias terap\u00eautica.<\/p>\n\n\n\n<p><br>Esses materiais ir\u00e3o auxiliar os profissionais do munic\u00edpio a desenvolver atividades coletivas com o p\u00fablico infantil e com o atendimento psicol\u00f3gico da equipe NASF que usam a fam\u00edlia terap\u00eautica em alguns casos de tratamento com crian\u00e7as.<\/p>\n\n\n\n<figure class=\"wp-block-image\"><a href=\"https:\/\/1.bp.blogspot.com\/-H1A9vkiZkNY\/XmuDY0FV3AI\/AAAAAAABKhI\/UR9BsvIRMnodGAaIpv8D3ovXjIRLtec6QCLcBGAsYHQ\/s1600\/ENTREGA%2BDE%2BKIS%2BE%2BCERTIFICADOS%2B%25281%2529.JPG\"><img decoding=\"async\" data-src=\"https:\/\/1.bp.blogspot.com\/-H1A9vkiZkNY\/XmuDY0FV3AI\/AAAAAAABKhI\/UR9BsvIRMnodGAaIpv8D3ovXjIRLtec6QCLcBGAsYHQ\/s640\/ENTREGA%2BDE%2BKIS%2BE%2BCERTIFICADOS%2B%25281%2529.JPG\" alt=\"\" src=\"data:image\/svg+xml;base64,PHN2ZyB3aWR0aD0iMSIgaGVpZ2h0PSIxIiB4bWxucz0iaHR0cDovL3d3dy53My5vcmcvMjAwMC9zdmciPjwvc3ZnPg==\" class=\"lazyload\" \/><\/a><\/figure>\n\n\n\n<figure class=\"wp-block-image\"><a href=\"https:\/\/1.bp.blogspot.com\/-xv0kxvAjRUo\/XmuDbpTyV7I\/AAAAAAABKhU\/QpQ9-XBgjhY3qvTTcvyJTusF-Edcnp0pgCLcBGAsYHQ\/s1600\/ENTREGA%2BDE%2BKIS%2BE%2BCERTIFICADOS%2B%25282%2529.JPG\"><img decoding=\"async\" data-src=\"https:\/\/1.bp.blogspot.com\/-xv0kxvAjRUo\/XmuDbpTyV7I\/AAAAAAABKhU\/QpQ9-XBgjhY3qvTTcvyJTusF-Edcnp0pgCLcBGAsYHQ\/s640\/ENTREGA%2BDE%2BKIS%2BE%2BCERTIFICADOS%2B%25282%2529.JPG\" alt=\"\" src=\"data:image\/svg+xml;base64,PHN2ZyB3aWR0aD0iMSIgaGVpZ2h0PSIxIiB4bWxucz0iaHR0cDovL3d3dy53My5vcmcvMjAwMC9zdmciPjwvc3ZnPg==\" class=\"lazyload\" \/><\/a><\/figure>\n\n\n\n<p>Com: Amaparo ligado<\/p>\n","protected":false},"excerpt":{"rendered":"<p>\u00a0A Prefeitura de Amparo junto com a Secretaria de Sa\u00fade realizaram na tarde desta quinta-feira (12) a entrega dos Diplomas dos alunos que participaram do&hellip; <\/p>\n","protected":false},"author":1,"featured_media":157839,"comment_status":"closed","ping_status":"closed","sticky":false,"template":"","format":"standard","meta":{"sfsi_plus_gutenberg_text_before_share":"","sfsi_plus_gutenberg_show_text_before_share":"","sfsi_plus_gutenberg_icon_type":"","sfsi_plus_gutenberg_icon_alignemt":"","sfsi_plus_gutenburg_max_per_row":"","footnotes":""},"categories":[6,50],"tags":[],"class_list":["post-157838","post","type-post","status-publish","format-standard","has-post-thumbnail","hentry","category-cidades","category-destaque"],"_links":{"self":[{"href":"https:\/\/www.caririemacao.com\/1\/wp-json\/wp\/v2\/posts\/157838","targetHints":{"allow":["GET"]}}],"collection":[{"href":"https:\/\/www.caririemacao.com\/1\/wp-json\/wp\/v2\/posts"}],"about":[{"href":"https:\/\/www.caririemacao.com\/1\/wp-json\/wp\/v2\/types\/post"}],"author":[{"embeddable":true,"href":"https:\/\/www.caririemacao.com\/1\/wp-json\/wp\/v2\/users\/1"}],"replies":[{"embeddable":true,"href":"https:\/\/www.caririemacao.com\/1\/wp-json\/wp\/v2\/comments?post=157838"}],"version-history":[{"count":1,"href":"https:\/\/www.caririemacao.com\/1\/wp-json\/wp\/v2\/posts\/157838\/revisions"}],"predecessor-version":[{"id":157840,"href":"https:\/\/www.caririemacao.com\/1\/wp-json\/wp\/v2\/posts\/157838\/revisions\/157840"}],"wp:featuredmedia":[{"embeddable":true,"href":"https:\/\/www.caririemacao.com\/1\/wp-json\/wp\/v2\/media\/157839"}],"wp:attachment":[{"href":"https:\/\/www.caririemacao.com\/1\/wp-json\/wp\/v2\/media?parent=157838"}],"wp:term":[{"taxonomy":"category","embeddable":true,"href":"https:\/\/www.caririemacao.com\/1\/wp-json\/wp\/v2\/categories?post=157838"},{"taxonomy":"post_tag","embeddable":true,"href":"https:\/\/www.caririemacao.com\/1\/wp-json\/wp\/v2\/tags?post=157838"}],"curies":[{"name":"wp","href":"https:\/\/api.w.org\/{rel}","templated":true}]}}