{"id":157842,"date":"2020-03-13T16:07:37","date_gmt":"2020-03-13T19:07:37","guid":{"rendered":"http:\/\/www.caririemacao.com\/1\/?p=157842"},"modified":"2020-03-13T16:07:39","modified_gmt":"2020-03-13T19:07:39","slug":"9a-copa-integracao-de-futebol-do-cariri-sera-iniciada-neste-final-de-semana","status":"publish","type":"post","link":"https:\/\/www.caririemacao.com\/1\/2020\/03\/13\/9a-copa-integracao-de-futebol-do-cariri-sera-iniciada-neste-final-de-semana\/","title":{"rendered":"9\u00aa Copa Integra\u00e7\u00e3o de Futebol do Cariri ser\u00e1 iniciada neste final de semana"},"content":{"rendered":"\n<p>Ser\u00e1 iniciada neste s\u00e1bado, 14 de mar\u00e7o, a 9\u00aa edi\u00e7\u00e3o da Copa Integra\u00e7\u00e3o de Futebol do Cariri, que j\u00e1 \u00e9 consolidada como uma das mais importantes competi\u00e7\u00f5es de futebol amador do estado da Para\u00edba.<\/p>\n\n\n\n<p>A Competi\u00e7\u00e3o amadora \u00e9 organizada pelo coordenador de eventos Fl\u00e1vio Leonardo, nesta edi\u00e7\u00e3o ter\u00e1 a participa\u00e7\u00e3o in\u00e9dita de 24 equipes de futebol, representadas pelas v\u00e1rias cidades da regi\u00e3o do cariri paraibano.<\/p>\n\n\n\n<p>A Copa Integra\u00e7\u00e3o de Futebol do Cariri j\u00e1 ganhou a simpatia dos desportistas de todo o Cariri e j\u00e1 ganha destaque no calend\u00e1rio e no cen\u00e1rio esportivo da regi\u00e3o.<\/p>\n\n\n\n<p>A abertura da Copa Integra\u00e7\u00e3o acontecer\u00e1 na cidade de Sum\u00e9, com a realiza\u00e7\u00e3o do lan\u00e7amento oficial e com a partida inaugural envolvendo as equipes do Cruzeiro de Sum\u00e9 e Ajax de S\u00e3o Sebasti\u00e3o do Umbuzeiro.<\/p>\n\n\n\n<p>A rodada de abertura prosseguir\u00e1 no domingo(15), com v\u00e1rios jogos em diversos palcos esportivos do Cariri paraibano.<\/p>\n\n\n\n<p><strong>Confira os jogos de abertura da Copa Integra\u00e7\u00e3o de Futebol do Cariri 2020:<\/strong><\/p>\n\n\n\n<p><strong>CHAVE A \u2013&nbsp;<\/strong>Abertura 14\/03 S\u00e1bado \u2013 15h45<\/p>\n\n\n\n<p>Em Sum\u00e9 \u2013&nbsp;<strong>Cruzeiro x Ajax<\/strong><\/p>\n\n\n\n<p><strong>Domingo 15\/03<\/strong><\/p>\n\n\n\n<p>Em S\u00e3o Jo\u00e3o do Cariri \u2013&nbsp;<strong>S\u00e3o Paulo x Estudantes<\/strong><\/p>\n\n\n\n<p><strong>Chave B<\/strong><\/p>\n\n\n\n<p>Em S\u00e3o Jos\u00e9 dos Cordeiros \u2013&nbsp;<strong>Juventude x Selebranca<\/strong><\/p>\n\n\n\n<p>Em Cara\u00fabas \u2013&nbsp;<strong>Sel. Caraubense x Ponte Preta<\/strong><\/p>\n\n\n\n<p><strong>Chave C<\/strong><\/p>\n\n\n\n<p>Em Parari \u2013&nbsp;<strong>Sel. Parari x Atl\u00e9tico de Cacimbinha de S.J do Tigre<\/strong><\/p>\n\n\n\n<p>Em Prata \u2013&nbsp;<strong>Atl\u00e9tico x Big Cana<\/strong><\/p>\n\n\n\n<p><strong>Chave D<\/strong><\/p>\n\n\n\n<p>Em Zabel\u00ea \u2013&nbsp;<strong>Auto Sport x Cruzeiro Camala\u00fa<\/strong><\/p>\n\n\n\n<p>No Distrito de Ribeira\/Cabaceiras \u2013&nbsp;<strong>S\u00e3o Paulo x Vasco do Marinho Boqueir\u00e3o<\/strong><\/p>\n\n\n\n<p><strong>Chave E<\/strong><\/p>\n\n\n\n<p>Em Camala\u00fa \u2013&nbsp;<strong>Atl\u00e9tico x Para\u00edba de Gurj\u00e3o<\/strong><\/p>\n\n\n\n<p>Em S\u00e3o Sebasti\u00e3o do Umbuzeiro \u2013&nbsp;<strong>Juventus x Alto Alegre<\/strong><\/p>\n\n\n\n<p><strong>Chave F<\/strong><\/p>\n\n\n\n<p>Em S\u00e3o Jo\u00e3o do Tigre \u2013&nbsp;<strong>Tigrense x Congo FC<\/strong><\/p>\n\n\n\n<p>Em S\u00e3o Domingos do Cariri \u2013&nbsp;<strong>Palmeiras x S\u00e3o Paulo Caturit\u00e9<\/strong><\/p>\n\n\n\n<p><em>Cariri Esporte<\/em><\/p>\n","protected":false},"excerpt":{"rendered":"<p>Ser\u00e1 iniciada neste s\u00e1bado, 14 de mar\u00e7o, a 9\u00aa edi\u00e7\u00e3o da Copa Integra\u00e7\u00e3o de Futebol do Cariri, que j\u00e1 \u00e9 consolidada como uma das mais&hellip; <\/p>\n","protected":false},"author":2,"featured_media":157843,"comment_status":"closed","ping_status":"closed","sticky":false,"template":"","format":"standard","meta":{"sfsi_plus_gutenberg_text_before_share":"","sfsi_plus_gutenberg_show_text_before_share":"","sfsi_plus_gutenberg_icon_type":"","sfsi_plus_gutenberg_icon_alignemt":"","sfsi_plus_gutenburg_max_per_row":"","footnotes":""},"categories":[13],"tags":[],"class_list":["post-157842","post","type-post","status-publish","format-standard","has-post-thumbnail","hentry","category-esportes"],"_links":{"self":[{"href":"https:\/\/www.caririemacao.com\/1\/wp-json\/wp\/v2\/posts\/157842","targetHints":{"allow":["GET"]}}],"collection":[{"href":"https:\/\/www.caririemacao.com\/1\/wp-json\/wp\/v2\/posts"}],"about":[{"href":"https:\/\/www.caririemacao.com\/1\/wp-json\/wp\/v2\/types\/post"}],"author":[{"embeddable":true,"href":"https:\/\/www.caririemacao.com\/1\/wp-json\/wp\/v2\/users\/2"}],"replies":[{"embeddable":true,"href":"https:\/\/www.caririemacao.com\/1\/wp-json\/wp\/v2\/comments?post=157842"}],"version-history":[{"count":1,"href":"https:\/\/www.caririemacao.com\/1\/wp-json\/wp\/v2\/posts\/157842\/revisions"}],"predecessor-version":[{"id":157844,"href":"https:\/\/www.caririemacao.com\/1\/wp-json\/wp\/v2\/posts\/157842\/revisions\/157844"}],"wp:featuredmedia":[{"embeddable":true,"href":"https:\/\/www.caririemacao.com\/1\/wp-json\/wp\/v2\/media\/157843"}],"wp:attachment":[{"href":"https:\/\/www.caririemacao.com\/1\/wp-json\/wp\/v2\/media?parent=157842"}],"wp:term":[{"taxonomy":"category","embeddable":true,"href":"https:\/\/www.caririemacao.com\/1\/wp-json\/wp\/v2\/categories?post=157842"},{"taxonomy":"post_tag","embeddable":true,"href":"https:\/\/www.caririemacao.com\/1\/wp-json\/wp\/v2\/tags?post=157842"}],"curies":[{"name":"wp","href":"https:\/\/api.w.org\/{rel}","templated":true}]}}