{"id":157846,"date":"2020-03-13T16:09:44","date_gmt":"2020-03-13T19:09:44","guid":{"rendered":"http:\/\/www.caririemacao.com\/1\/?p=157846"},"modified":"2020-03-13T16:10:03","modified_gmt":"2020-03-13T19:10:03","slug":"estou-sendo-acusado-injustamente-diz-ricardo-coutinho","status":"publish","type":"post","link":"https:\/\/www.caririemacao.com\/1\/2020\/03\/13\/estou-sendo-acusado-injustamente-diz-ricardo-coutinho\/","title":{"rendered":"&#8220;Estou sendo acusado injustamente&#8221;, diz Ricardo Coutinho"},"content":{"rendered":"\n<p>O ex-governador Ricardo Coutinho se defendeu das acusa\u00e7\u00f5es de corrup\u00e7\u00e3o que pesam sobre ele na Opera\u00e7\u00e3o Calv\u00e1rio, em sua primeira entrevista depois de ter sido preso em 2019. &#8220;Na verdade, quem tem que provar que existe uma Orcrim, n\u00e3o sou eu. Estou sendo acusado injustamente&#8221;, disse. A entrevista na r\u00e1dio Sanhau\u00e1 AM teve in\u00edcio ao meio-dia desta sexta-feira (13).<\/p>\n\n\n\n<p>Ricardo Coutinho sustenta que \u00e9 inocente e questiona a falta de provas do processo. &#8220;O Minist\u00e9rio P\u00fablico at\u00e9 hoje n\u00e3o conseguiu apresentar uma \u00fanica prova e nem vai&#8221;, afirmou.<br><\/p>\n\n\n\n<p>&#8220;Essa suposta organiza\u00e7\u00e3o criminosa se abate sobre oito produtos comprados, que o governador n\u00e3o tem qualquer inger\u00eancia. O governador n\u00e3o faz esse tipo de coisa como tentaram levar a popula\u00e7\u00e3o da Para\u00edba a crer&#8221;, comentou Ricardo, destacando que toda a den\u00fancia leva em conta oito produtos e dois contratos com Organiza\u00e7\u00f5es Sociais. Ele insistiu em dizer que n\u00e3o h\u00e1 superfaturamento nos contratos.<\/p>\n\n\n\n<p>&#8220;Eu n\u00e3o sou o primeiro nem serei o \u00faltimo a ser acusado com essa doen\u00e7a que tomou conta do Brasil nos \u00faltimos anos&#8221;, disse ele. O ex-governador comparou a situa\u00e7\u00e3o em que se encontra com a investiga\u00e7\u00e3o da Lava-Jato, que, segundo ele, hoje est\u00e1 totalmente desacreditada.<\/p>\n\n\n\n<p>&#8220;N\u00e3o creio que seja razo\u00e1vel, dentro de um estado democr\u00e1tico de direito o que o Minist\u00e9rio P\u00fablico faz. N\u00e3o estou falando da institui\u00e7\u00e3o, mas de alguns membros da institui\u00e7\u00e3o&#8221;, afirmou.<\/p>\n\n\n\n<p>Ricardo Coutinho ainda disse que seu governo foi o melhor que o estado j\u00e1 teve. &#8220;Eu fiz, mod\u00e9stia a parte, o melhor governo que essa Para\u00edba j\u00e1 viu. Fizemos com que o dinheiro do povo, que n\u00e3o aparecia antes, aparecesse&#8221;.<\/p>\n\n\n\n<p>&#8220;Como \u00e9 que voc\u00ea pode dizer que o governo mais operoso do estado da Para\u00edba tinha uma Orcrim (Organiza\u00e7\u00e3o Criminosa)?&#8221;<\/p>\n","protected":false},"excerpt":{"rendered":"<p>O ex-governador Ricardo Coutinho se defendeu das acusa\u00e7\u00f5es de corrup\u00e7\u00e3o que pesam sobre ele na Opera\u00e7\u00e3o Calv\u00e1rio, em sua primeira entrevista depois de ter sido&hellip; <\/p>\n","protected":false},"author":2,"featured_media":71370,"comment_status":"closed","ping_status":"closed","sticky":false,"template":"","format":"standard","meta":{"sfsi_plus_gutenberg_text_before_share":"","sfsi_plus_gutenberg_show_text_before_share":"","sfsi_plus_gutenberg_icon_type":"","sfsi_plus_gutenberg_icon_alignemt":"","sfsi_plus_gutenburg_max_per_row":"","footnotes":""},"categories":[11],"tags":[],"class_list":["post-157846","post","type-post","status-publish","format-standard","has-post-thumbnail","hentry","category-politica"],"_links":{"self":[{"href":"https:\/\/www.caririemacao.com\/1\/wp-json\/wp\/v2\/posts\/157846","targetHints":{"allow":["GET"]}}],"collection":[{"href":"https:\/\/www.caririemacao.com\/1\/wp-json\/wp\/v2\/posts"}],"about":[{"href":"https:\/\/www.caririemacao.com\/1\/wp-json\/wp\/v2\/types\/post"}],"author":[{"embeddable":true,"href":"https:\/\/www.caririemacao.com\/1\/wp-json\/wp\/v2\/users\/2"}],"replies":[{"embeddable":true,"href":"https:\/\/www.caririemacao.com\/1\/wp-json\/wp\/v2\/comments?post=157846"}],"version-history":[{"count":2,"href":"https:\/\/www.caririemacao.com\/1\/wp-json\/wp\/v2\/posts\/157846\/revisions"}],"predecessor-version":[{"id":157848,"href":"https:\/\/www.caririemacao.com\/1\/wp-json\/wp\/v2\/posts\/157846\/revisions\/157848"}],"wp:featuredmedia":[{"embeddable":true,"href":"https:\/\/www.caririemacao.com\/1\/wp-json\/wp\/v2\/media\/71370"}],"wp:attachment":[{"href":"https:\/\/www.caririemacao.com\/1\/wp-json\/wp\/v2\/media?parent=157846"}],"wp:term":[{"taxonomy":"category","embeddable":true,"href":"https:\/\/www.caririemacao.com\/1\/wp-json\/wp\/v2\/categories?post=157846"},{"taxonomy":"post_tag","embeddable":true,"href":"https:\/\/www.caririemacao.com\/1\/wp-json\/wp\/v2\/tags?post=157846"}],"curies":[{"name":"wp","href":"https:\/\/api.w.org\/{rel}","templated":true}]}}