{"id":157904,"date":"2020-03-14T07:00:13","date_gmt":"2020-03-14T10:00:13","guid":{"rendered":"http:\/\/www.caririemacao.com\/1\/?p=157904"},"modified":"2020-03-14T07:00:14","modified_gmt":"2020-03-14T10:00:14","slug":"registrado-primeiro-caso-de-transmissao-comunitaria-de-coronavirus-no-brasil","status":"publish","type":"post","link":"https:\/\/www.caririemacao.com\/1\/2020\/03\/14\/registrado-primeiro-caso-de-transmissao-comunitaria-de-coronavirus-no-brasil\/","title":{"rendered":"Registrado primeiro caso de transmiss\u00e3o comunit\u00e1ria de coronav\u00edrus no Brasil"},"content":{"rendered":"\n<p>O Brasil teve o primeiro caso de transmiss\u00e3o comunit\u00e1ria de coronav\u00edrus. De acordo com a \u00faltima atualiza\u00e7\u00e3o do Minist\u00e9rio da Sa\u00fade, essa nova situa\u00e7\u00e3o foi registrada nas cidades de S\u00e3o Paulo e do Rio de Janeiro. Transmiss\u00e3o comunit\u00e1ria ocorre quando as equipes de vigil\u00e2ncia n\u00e3o conseguem mais mapear a cadeia de infec\u00e7\u00e3o, n\u00e3o sabendo quem foi o primeiro paciente respons\u00e1vel pela contamina\u00e7\u00e3o dos demais.<\/p>\n\n\n\n<p>No total, quatro pessoas adquiriram o v\u00edrus por essa modalidade de transmiss\u00e3o. Segundo os dados, 79 s\u00e3o casos importados (que foram contaminadas no exterior) e 15 pessoas foram infectadas por transmiss\u00e3o local (por meio de contato com pessoas de casos importados).<\/p>\n\n\n\n<p>\u201cN\u00e3o temos evid\u00eancia de aumento de interna\u00e7\u00e3o por s\u00edndrome respirat\u00f3ria aguda grave\u201d, comentou o secret\u00e1rio de vigil\u00e2ncia em Sa\u00fade do Minist\u00e9rio da Sa\u00fade, Wanderson de Oliveira.<\/p>\n\n\n\n<p>No balan\u00e7o do minist\u00e9rio disponibilizado hoje (13), o n\u00famero de casos confirmados do novo coronav\u00edrus (Covid-19) chegou 98. Foram 21 pessoas infectadas a mais do que o \u00faltimo dado, anunciado ontem (12). Os casos suspeitos aumentaram para 1.485. Os descartados ficaram em 1.344.<\/p>\n\n\n\n<p>Os estados de S\u00e3o Paulo e Rio de Janeiro s\u00e3o os epicentros do surto no pa\u00eds, respectivamente com 56 e 16 casos confirmados. Em seguida v\u00eam Paran\u00e1 (seis), Rio Grande do Sul (quatro), Goi\u00e1s (tr\u00eas) e Minas Gerais, Santa Catarina, Bahia, Distrito Federal e Pernambuco (dois casos cada um). Completam a lista Alagoas e Esp\u00edrito Santo (um caso).<\/p>\n\n\n\n<p>Nos casos suspeitos, S\u00e3o Paulo tamb\u00e9m lidera (753), seguido de Minas Gerais (116), Rio Grande do Sul (81), Santa Catarina (77), Rio de Janeiro (76) e Distrito Federal (75). Apenas Roraima e Amap\u00e1 n\u00e3o possuem casos confirmados ou suspeitos.<\/p>\n\n\n\n<p>Do total, 15% dos casos confirmados demandam maior n\u00edvel de aten\u00e7\u00e3o, podendo evoluir para agravamento. H\u00e1 12 pessoas hospitalizadas.<\/p>\n\n\n\n<p><strong>Transmiss\u00e3o comunit\u00e1ria<\/strong><\/p>\n\n\n\n<p>A transmiss\u00e3o comunit\u00e1ria ocorre quando h\u00e1 maior difus\u00e3o do v\u00edrus e as equipes de vigil\u00e2ncia n\u00e3o sabem mais quem originou os casos. Neste caso, as medidas recomendadas pelo Minist\u00e9rio da Sa\u00fade se tornam mais complexas, conforme conjunto de iniciativas divulgado hoje pela equipe da pasta.<\/p>\n\n\n\n<p>Nas localidades com transmiss\u00e3o comunit\u00e1ria, as cidades de S\u00e3o Paulo e Rio, a recomenda\u00e7\u00e3o \u00e9 que n\u00e3o haja mais monitoramento de casos leves, mas seja dado foco nos casos mais graves, de s\u00edndrome respirat\u00f3ria aguda grave. Isso significa que dados sobre as situa\u00e7\u00f5es mais leves deixar\u00e3o de ser alimentados.<\/p>\n\n\n\n<p>\u201cCidade ter\u00e1 condi\u00e7\u00f5es de dedicar parte do esfor\u00e7o para rede especializada pois para de ficar monitorando casos leves, exames regulares de todos os casos. Esse processo, como acabamos de ter situa\u00e7\u00e3o assim, vamos aprender juntos com S\u00e3o Paulo\u201d, declarou Wanderson de Oliveira.<\/p>\n\n\n\n<p>Perguntado por jornalistas, ele negou que haja orienta\u00e7\u00e3o no sentido de evitar viagens \u00e0s duas capitais e ressaltou que as medidas ser\u00e3o adotadas pelas autoridades locais de sa\u00fade. No Rio de Janeiro, o governo do estado anunciou que vai suspender as aulas. Wanderson avaliou que a medida pode ser \u201coportuna\u201d, mas que deve ser acompanhada de outras iniciativas, como as j\u00e1 listadas pelo minist\u00e9rio.<\/p>\n","protected":false},"excerpt":{"rendered":"<p>O Brasil teve o primeiro caso de transmiss\u00e3o comunit\u00e1ria de coronav\u00edrus. De acordo com a \u00faltima atualiza\u00e7\u00e3o do Minist\u00e9rio da Sa\u00fade, essa nova situa\u00e7\u00e3o foi&hellip; <\/p>\n","protected":false},"author":2,"featured_media":157905,"comment_status":"closed","ping_status":"closed","sticky":false,"template":"","format":"standard","meta":{"sfsi_plus_gutenberg_text_before_share":"","sfsi_plus_gutenberg_show_text_before_share":"","sfsi_plus_gutenberg_icon_type":"","sfsi_plus_gutenberg_icon_alignemt":"","sfsi_plus_gutenburg_max_per_row":"","footnotes":""},"categories":[2],"tags":[],"class_list":["post-157904","post","type-post","status-publish","format-standard","has-post-thumbnail","hentry","category-geral"],"_links":{"self":[{"href":"https:\/\/www.caririemacao.com\/1\/wp-json\/wp\/v2\/posts\/157904","targetHints":{"allow":["GET"]}}],"collection":[{"href":"https:\/\/www.caririemacao.com\/1\/wp-json\/wp\/v2\/posts"}],"about":[{"href":"https:\/\/www.caririemacao.com\/1\/wp-json\/wp\/v2\/types\/post"}],"author":[{"embeddable":true,"href":"https:\/\/www.caririemacao.com\/1\/wp-json\/wp\/v2\/users\/2"}],"replies":[{"embeddable":true,"href":"https:\/\/www.caririemacao.com\/1\/wp-json\/wp\/v2\/comments?post=157904"}],"version-history":[{"count":1,"href":"https:\/\/www.caririemacao.com\/1\/wp-json\/wp\/v2\/posts\/157904\/revisions"}],"predecessor-version":[{"id":157906,"href":"https:\/\/www.caririemacao.com\/1\/wp-json\/wp\/v2\/posts\/157904\/revisions\/157906"}],"wp:featuredmedia":[{"embeddable":true,"href":"https:\/\/www.caririemacao.com\/1\/wp-json\/wp\/v2\/media\/157905"}],"wp:attachment":[{"href":"https:\/\/www.caririemacao.com\/1\/wp-json\/wp\/v2\/media?parent=157904"}],"wp:term":[{"taxonomy":"category","embeddable":true,"href":"https:\/\/www.caririemacao.com\/1\/wp-json\/wp\/v2\/categories?post=157904"},{"taxonomy":"post_tag","embeddable":true,"href":"https:\/\/www.caririemacao.com\/1\/wp-json\/wp\/v2\/tags?post=157904"}],"curies":[{"name":"wp","href":"https:\/\/api.w.org\/{rel}","templated":true}]}}