{"id":157911,"date":"2020-03-14T07:36:13","date_gmt":"2020-03-14T10:36:13","guid":{"rendered":"http:\/\/www.caririemacao.com\/1\/?p=157911"},"modified":"2020-03-14T07:36:15","modified_gmt":"2020-03-14T10:36:15","slug":"agricultura-de-caraubas-e-empaer-promovem-reuniao-com-agricultores-para-criacao-da-associacao-agroecologica-do-municipio","status":"publish","type":"post","link":"https:\/\/www.caririemacao.com\/1\/2020\/03\/14\/agricultura-de-caraubas-e-empaer-promovem-reuniao-com-agricultores-para-criacao-da-associacao-agroecologica-do-municipio\/","title":{"rendered":"Agricultura de cara\u00f9bas e empaer promovem reuni\u00e3o com agricultores para cria\u00e7\u00e3o da  associa\u00e7\u00e3o agroecologica do munic\u00edpio"},"content":{"rendered":"\n<p>Foi realizada na manh\u00e3 desta quinta-feira, dia 12\/03, na sede do Centro de Apoio ao Produtor Rural da Secretaria da Agricultura do munic\u00edpio importante reuni\u00e3o com os agricultores do munic\u00edpio de Cara\u00fabas e que trabalham com produtos org\u00e2nicos com o objetivo de criar uma associa\u00e7\u00e3o agroecol\u00f3gica.Dezenas de agricultores locais prestigiaram o evento que contou com a presen\u00e7a do secret\u00e1rio da agricultura, Rone Feitoza, o coordenador do escrit\u00f3rio da EMPAER local, Genilson Bezerra, do presidente do Sindicato dos Trabalhadores Rurais do munic\u00edpio, Reginaldo Bezerra, a presidente do CMDRS, Vaninha e representantes de associa\u00e7\u00f5es comunit\u00e1rias.&nbsp;Rone Feitoza disse ter ficado surpreso com a quantidade de pessoas presentes, uma vez que em virtude das chuvas registradas na noite anterior, muitos poderiam n\u00e3o comparecer pelas dificuldades dos acessos. Mas n\u00e3o foi o que vimos aqui hoje. Os agricultores de Cara\u00fabas est\u00e3o disposto a produzir e isso \u00e9 muito gratificante para n\u00f3s que fazemos a agricultura do munic\u00edpio, afirmou ele.A EMPAER representada pelo t\u00e9cnico, Genilson Bezerra, afirmou que atrav\u00e9s dessa parceria poderemos iniciar um novo processo cultural na agricultura do munic\u00edpio, pois, a cria\u00e7\u00e3o da associa\u00e7\u00e3o que se pronuncia ir\u00e1 alavancar n\u00e3o apenas a economia, mas principalmente, a sa\u00fade da popula\u00e7\u00e3o local que passar\u00e3o a consumir produtos mais saud\u00e1veis, concluiu ele.Quem tamb\u00e9m esteve presente a reuni\u00e3o foi o secret\u00e1rio do Planejamento, Comunica\u00e7\u00e3o Institucional e Gest\u00e3o, jornalista Eduardo Belo. Estamos aqui hoje para observar e divulgar a import\u00e2ncia da agroecologia para a mesa dos caraubenses. Sou mais agricultor hoje do que jornalista, pois, sou apaixonado pela agropecu\u00e1ria e a agricultura, comentou.J\u00e1 o representante do Sindicato dos Trabalhadores Rurais de Cara\u00fabas, Reginaldo Bezerra, disse que as iniciativas da agroecologia s\u00e3o fundamentais e podem garantir o sustento de muitas fam\u00edlias. Precisamos mudar nossa cultura de achar que nada dar\u00e1 certo. Sou apaixonado pela agroecologia porque sei da sua import\u00e2ncia para o nosso ecossistema e para as futuras gera\u00e7\u00f5es, disse Reginaldo.O secret\u00e1rio Rone Feitoza afirmou que sempre as quinta-feira, semanalmente, haver\u00e1 reuni\u00f5es peri\u00f3dicas para formaliza\u00e7\u00e3o da Associa\u00e7\u00e3o. Pretendemos j\u00e1 no anivers\u00e1rio da cidade de&nbsp; Cara\u00fabas lan\u00e7armos oficialmente a primeira feira agroecol\u00f3gica do nosso munic\u00edpio, garantiu o secret\u00e1rio da Agricultura.<\/p>\n","protected":false},"excerpt":{"rendered":"<p>Foi realizada na manh\u00e3 desta quinta-feira, dia 12\/03, na sede do Centro de Apoio ao Produtor Rural da Secretaria da Agricultura do munic\u00edpio importante reuni\u00e3o&hellip; <\/p>\n","protected":false},"author":2,"featured_media":157912,"comment_status":"closed","ping_status":"closed","sticky":false,"template":"","format":"standard","meta":{"sfsi_plus_gutenberg_text_before_share":"","sfsi_plus_gutenberg_show_text_before_share":"","sfsi_plus_gutenberg_icon_type":"","sfsi_plus_gutenberg_icon_alignemt":"","sfsi_plus_gutenburg_max_per_row":"","footnotes":""},"categories":[2],"tags":[],"class_list":["post-157911","post","type-post","status-publish","format-standard","has-post-thumbnail","hentry","category-geral"],"_links":{"self":[{"href":"https:\/\/www.caririemacao.com\/1\/wp-json\/wp\/v2\/posts\/157911","targetHints":{"allow":["GET"]}}],"collection":[{"href":"https:\/\/www.caririemacao.com\/1\/wp-json\/wp\/v2\/posts"}],"about":[{"href":"https:\/\/www.caririemacao.com\/1\/wp-json\/wp\/v2\/types\/post"}],"author":[{"embeddable":true,"href":"https:\/\/www.caririemacao.com\/1\/wp-json\/wp\/v2\/users\/2"}],"replies":[{"embeddable":true,"href":"https:\/\/www.caririemacao.com\/1\/wp-json\/wp\/v2\/comments?post=157911"}],"version-history":[{"count":1,"href":"https:\/\/www.caririemacao.com\/1\/wp-json\/wp\/v2\/posts\/157911\/revisions"}],"predecessor-version":[{"id":157913,"href":"https:\/\/www.caririemacao.com\/1\/wp-json\/wp\/v2\/posts\/157911\/revisions\/157913"}],"wp:featuredmedia":[{"embeddable":true,"href":"https:\/\/www.caririemacao.com\/1\/wp-json\/wp\/v2\/media\/157912"}],"wp:attachment":[{"href":"https:\/\/www.caririemacao.com\/1\/wp-json\/wp\/v2\/media?parent=157911"}],"wp:term":[{"taxonomy":"category","embeddable":true,"href":"https:\/\/www.caririemacao.com\/1\/wp-json\/wp\/v2\/categories?post=157911"},{"taxonomy":"post_tag","embeddable":true,"href":"https:\/\/www.caririemacao.com\/1\/wp-json\/wp\/v2\/tags?post=157911"}],"curies":[{"name":"wp","href":"https:\/\/api.w.org\/{rel}","templated":true}]}}