{"id":157915,"date":"2020-03-14T07:45:33","date_gmt":"2020-03-14T10:45:33","guid":{"rendered":"http:\/\/www.caririemacao.com\/1\/?p=157915"},"modified":"2020-03-14T07:45:35","modified_gmt":"2020-03-14T10:45:35","slug":"populacao-monteirense-prestigia-inauguracao-de-mais-uma-unidade-basica-de-saude","status":"publish","type":"post","link":"https:\/\/www.caririemacao.com\/1\/2020\/03\/14\/populacao-monteirense-prestigia-inauguracao-de-mais-uma-unidade-basica-de-saude\/","title":{"rendered":"Popula\u00e7\u00e3o monteirense prestigia inaugura\u00e7\u00e3o de mais uma Unidade B\u00e1sica de Sa\u00fade"},"content":{"rendered":"\n<p>Mais uma Unidade B\u00e1sica de Sa\u00fade da Fam\u00edlia foi inaugurado e entregue a popula\u00e7\u00e3o no munic\u00edpio de Monteiro, nesta quinta-feira, 12.<\/p>\n\n\n\n<p>Esta foi a vez da comunidade do bairro Alto da Serra comemorar mais uma conquista da administra\u00e7\u00e3o da prefeita Anna Lorena para o povo.A Unidade de Sa\u00fade j\u00e1 havia sido entregue \u00e0quela popula\u00e7\u00e3o em uma sede provis\u00f3ria, pois, naquele momento a prefeita havia conseguido recursos &nbsp;junto ao deputado federal Wellington Roberto para a constru\u00e7\u00e3o da UBS em sede pr\u00f3pria, e a demanda pelos servi\u00e7os de sa\u00fade j\u00e1 eram suficientes para a instala\u00e7\u00e3o da mesma, conforme contou a prefeita naquela oportunidade.<\/p>\n\n\n\n<div class=\"wp-block-image\"><figure class=\"alignleft\"><img decoding=\"async\" data-src=\"https:\/\/i1.wp.com\/www.vitrinedocariri.com.br\/wp-content\/uploads\/2020\/03\/Popula%C3%A7%C3%A3o-monteirense-prestigia-inaugura%C3%A7%C3%A3o-de-mais-uma-Unidade-B%C3%A1sica-de-Sa%C3%BAde-4.jpeg?resize=300%2C200&amp;ssl=1\" alt=\"\" class=\"wp-image-66167 lazyload\" src=\"data:image\/svg+xml;base64,PHN2ZyB3aWR0aD0iMSIgaGVpZ2h0PSIxIiB4bWxucz0iaHR0cDovL3d3dy53My5vcmcvMjAwMC9zdmciPjwvc3ZnPg==\" \/><\/figure><\/div>\n\n\n\n<p>Mesmo com a intensa chuva que caiu no momento, um expressivo n\u00famero de moradores esteve ao lado da prefeita Anna Lorena, do vice-prefeito Celecileno Alves, vereadores, secret\u00e1rios e autoridades durante a cerim\u00f4nia podendo realizar a visita e conhecer as instala\u00e7\u00f5es que abrigam sala de enfermagem, consult\u00f3rios m\u00e9dicos, consult\u00f3rio&nbsp;odontol\u00f3gico, sala de acompanhamento \u00e0 mam\u00e3e e ao beb\u00ea, banheiros e banheiro PDN, sala de espera, recep\u00e7\u00e3o, entre outros.<\/p>\n\n\n\n<p>A Unidade de Sa\u00fade foi nomeada em homenagem ao Dr. Le\u00f4nio C\u00e9sar de Souza, que desempenhou um importante papel na \u00e1rea da sa\u00fade no munic\u00edpio. Os parentes do homenageado estiveram presentes e comovidos e emocionados com a honraria agradeceram \u201c\u00c9 um momento muito importante imortalizar a mem\u00f3ria de um homem que realmente tinha amor a medicina e n\u00e3o media esfor\u00e7os para realizar um bom atendimento. Tenho certeza que todos que realizar\u00e3o os trabalhos aqui tamb\u00e9m v\u00e3o ter o mesmo amor e cuidado pela popula\u00e7\u00e3o\u201d, disse Dra. Eulina, vi\u00fava do homenageado, que esteve ao lado da filha Ana Carolina, do genro, neto e outros parentes e amigos durante a cerim\u00f4nia.<\/p>\n\n\n\n<div class=\"wp-block-image\"><figure class=\"alignleft\"><img decoding=\"async\" data-src=\"https:\/\/i0.wp.com\/www.vitrinedocariri.com.br\/wp-content\/uploads\/2020\/03\/Popula%C3%A7%C3%A3o-monteirense-prestigia-inaugura%C3%A7%C3%A3o-de-mais-uma-Unidade-B%C3%A1sica-de-Sa%C3%BAde-20.jpeg?resize=300%2C200&amp;ssl=1\" alt=\"\" class=\"wp-image-66168 lazyload\" src=\"data:image\/svg+xml;base64,PHN2ZyB3aWR0aD0iMSIgaGVpZ2h0PSIxIiB4bWxucz0iaHR0cDovL3d3dy53My5vcmcvMjAwMC9zdmciPjwvc3ZnPg==\" \/><\/figure><\/div>\n\n\n\n<p>Em seu discurso no momento da entrega da Unidade a prefeita pontuou: \u201cEsta entrega \u00e9 para um bairro que rapidamente tomou forma, suprimos uma das necessidades que havia no bairro e assim continuaremos. Continuaremos a lutar pelos monteirenses que residem aqui, onde inclusive brevemente contaremos com uma unidade educacional. Muitos disseram que esta obra n\u00e3o sairia, mas mesmo diante de tantas dificuldades e apontamentos, estamos aqui comemorando esta linda obra, e digo, eu continuarei trabalhando pela cidade de Monteiro, para que nosso munic\u00edpio seja cada dia melhor\u201d, sendo ovacionada com aplausos do p\u00fablico que esteve presenciando o evento.<\/p>\n","protected":false},"excerpt":{"rendered":"<p>Mais uma Unidade B\u00e1sica de Sa\u00fade da Fam\u00edlia foi inaugurado e entregue a popula\u00e7\u00e3o no munic\u00edpio de Monteiro, nesta quinta-feira, 12. Esta foi a vez&hellip; <\/p>\n","protected":false},"author":2,"featured_media":157916,"comment_status":"closed","ping_status":"closed","sticky":false,"template":"","format":"standard","meta":{"sfsi_plus_gutenberg_text_before_share":"","sfsi_plus_gutenberg_show_text_before_share":"","sfsi_plus_gutenberg_icon_type":"","sfsi_plus_gutenberg_icon_alignemt":"","sfsi_plus_gutenburg_max_per_row":"","footnotes":""},"categories":[2],"tags":[],"class_list":["post-157915","post","type-post","status-publish","format-standard","has-post-thumbnail","hentry","category-geral"],"_links":{"self":[{"href":"https:\/\/www.caririemacao.com\/1\/wp-json\/wp\/v2\/posts\/157915","targetHints":{"allow":["GET"]}}],"collection":[{"href":"https:\/\/www.caririemacao.com\/1\/wp-json\/wp\/v2\/posts"}],"about":[{"href":"https:\/\/www.caririemacao.com\/1\/wp-json\/wp\/v2\/types\/post"}],"author":[{"embeddable":true,"href":"https:\/\/www.caririemacao.com\/1\/wp-json\/wp\/v2\/users\/2"}],"replies":[{"embeddable":true,"href":"https:\/\/www.caririemacao.com\/1\/wp-json\/wp\/v2\/comments?post=157915"}],"version-history":[{"count":1,"href":"https:\/\/www.caririemacao.com\/1\/wp-json\/wp\/v2\/posts\/157915\/revisions"}],"predecessor-version":[{"id":157917,"href":"https:\/\/www.caririemacao.com\/1\/wp-json\/wp\/v2\/posts\/157915\/revisions\/157917"}],"wp:featuredmedia":[{"embeddable":true,"href":"https:\/\/www.caririemacao.com\/1\/wp-json\/wp\/v2\/media\/157916"}],"wp:attachment":[{"href":"https:\/\/www.caririemacao.com\/1\/wp-json\/wp\/v2\/media?parent=157915"}],"wp:term":[{"taxonomy":"category","embeddable":true,"href":"https:\/\/www.caririemacao.com\/1\/wp-json\/wp\/v2\/categories?post=157915"},{"taxonomy":"post_tag","embeddable":true,"href":"https:\/\/www.caririemacao.com\/1\/wp-json\/wp\/v2\/tags?post=157915"}],"curies":[{"name":"wp","href":"https:\/\/api.w.org\/{rel}","templated":true}]}}