{"id":158144,"date":"2020-03-16T08:00:52","date_gmt":"2020-03-16T11:00:52","guid":{"rendered":"http:\/\/www.caririemacao.com\/1\/?p=158144"},"modified":"2020-03-16T08:00:54","modified_gmt":"2020-03-16T11:00:54","slug":"senador-nelsinho-trad-e-diagnosticado-com-coronavirus","status":"publish","type":"post","link":"https:\/\/www.caririemacao.com\/1\/2020\/03\/16\/senador-nelsinho-trad-e-diagnosticado-com-coronavirus\/","title":{"rendered":"Senador Nelsinho Trad \u00e9 diagnosticado com coronav\u00edrus"},"content":{"rendered":"\n<p>O presidente da Comiss\u00e3o de Rela\u00e7\u00f5es Exteriores (CRE) do Senado, senador Nelsinho Trad (PSD-MS), informou na noite desta sexta-feira (13) ter testado positivo para Covid-19. O senador representou o Senado na viagem aos Estados Unidos com o presidente Jair Bolsonaro no in\u00edcio do m\u00eas. Em nota, o senador disse ter sido surpreendido quando um dos integrantes do voo de regresso foi positivado para o Covid-19 &#8211; o secret\u00e1rio de Comunica\u00e7\u00e3o da Presid\u00eancia, F\u00e1bio Wajngarten.<\/p>\n\n\n\n<p>&#8220;Segui fiel e estritamente os protocolos de quem se enquadra em comunicante de caso. Fiz o exame, que resultou positivo. Serenamente, com f\u00e9 em Deus, e atendendo todas as orienta\u00e7\u00f5es dos profissionais de sa\u00fade envolvidos nesse enfrentamento, estou em casa com a minha fam\u00edlia, guardando o per\u00edodo de isolamento. N\u00e3o h\u00e1 de se agravar. Com f\u00e9 em Deus, sempre aprendi que problemas existem para serem solucionados&#8221;, afirmou Nelsinho Trad no comunicado.<\/p>\n\n\n\n<p><strong>Negativo<\/strong><\/p>\n\n\n\n<p>Tamb\u00e9m integrante da comitiva aos Estados Unidos, o senador Jorginho Mello (PL-SC) tamb\u00e9m fez o exame, mas seu resultado foi negativo.<\/p>\n","protected":false},"excerpt":{"rendered":"<p>O presidente da Comiss\u00e3o de Rela\u00e7\u00f5es Exteriores (CRE) do Senado, senador Nelsinho Trad (PSD-MS), informou na noite desta sexta-feira (13) ter testado positivo para Covid-19.&hellip; <\/p>\n","protected":false},"author":2,"featured_media":158145,"comment_status":"closed","ping_status":"closed","sticky":false,"template":"","format":"standard","meta":{"sfsi_plus_gutenberg_text_before_share":"","sfsi_plus_gutenberg_show_text_before_share":"","sfsi_plus_gutenberg_icon_type":"","sfsi_plus_gutenberg_icon_alignemt":"","sfsi_plus_gutenburg_max_per_row":"","footnotes":""},"categories":[2],"tags":[],"class_list":["post-158144","post","type-post","status-publish","format-standard","has-post-thumbnail","hentry","category-geral"],"_links":{"self":[{"href":"https:\/\/www.caririemacao.com\/1\/wp-json\/wp\/v2\/posts\/158144","targetHints":{"allow":["GET"]}}],"collection":[{"href":"https:\/\/www.caririemacao.com\/1\/wp-json\/wp\/v2\/posts"}],"about":[{"href":"https:\/\/www.caririemacao.com\/1\/wp-json\/wp\/v2\/types\/post"}],"author":[{"embeddable":true,"href":"https:\/\/www.caririemacao.com\/1\/wp-json\/wp\/v2\/users\/2"}],"replies":[{"embeddable":true,"href":"https:\/\/www.caririemacao.com\/1\/wp-json\/wp\/v2\/comments?post=158144"}],"version-history":[{"count":1,"href":"https:\/\/www.caririemacao.com\/1\/wp-json\/wp\/v2\/posts\/158144\/revisions"}],"predecessor-version":[{"id":158146,"href":"https:\/\/www.caririemacao.com\/1\/wp-json\/wp\/v2\/posts\/158144\/revisions\/158146"}],"wp:featuredmedia":[{"embeddable":true,"href":"https:\/\/www.caririemacao.com\/1\/wp-json\/wp\/v2\/media\/158145"}],"wp:attachment":[{"href":"https:\/\/www.caririemacao.com\/1\/wp-json\/wp\/v2\/media?parent=158144"}],"wp:term":[{"taxonomy":"category","embeddable":true,"href":"https:\/\/www.caririemacao.com\/1\/wp-json\/wp\/v2\/categories?post=158144"},{"taxonomy":"post_tag","embeddable":true,"href":"https:\/\/www.caririemacao.com\/1\/wp-json\/wp\/v2\/tags?post=158144"}],"curies":[{"name":"wp","href":"https:\/\/api.w.org\/{rel}","templated":true}]}}