{"id":158148,"date":"2020-03-16T08:02:17","date_gmt":"2020-03-16T11:02:17","guid":{"rendered":"http:\/\/www.caririemacao.com\/1\/?p=158148"},"modified":"2020-03-16T08:02:20","modified_gmt":"2020-03-16T11:02:20","slug":"ufpb-cancela-eventos-e-reitora-convoca-reuniao-emergencial-para-discutir-coronavirus","status":"publish","type":"post","link":"https:\/\/www.caririemacao.com\/1\/2020\/03\/16\/ufpb-cancela-eventos-e-reitora-convoca-reuniao-emergencial-para-discutir-coronavirus\/","title":{"rendered":"UFPB cancela eventos e Reitora convoca reuni\u00e3o emergencial para discutir coronav\u00edrus"},"content":{"rendered":"\n<p>A Reitora da Universidade Federal da Para\u00edba (UFPB), professora Margareth Diniz, convocou na tarde deste domingo (15) uma reuni\u00e3o emergencial com Diretores dos Centros de todos os campi da UFPB e da Comiss\u00e3o de Enfrentamento ao novo Coronav\u00edrus, para avaliar e decidir novas a\u00e7\u00f5es de enfrentamento \u00e0 pandemia do v\u00edrus no ambiente universit\u00e1rio. O encontro ser\u00e1 realizado nesta segunda (16), na sala de reuni\u00f5es da Reitoria, \u00e0s 16h. &nbsp;<\/p>\n\n\n\n<p>Ainda neste domingo a Reitoria e a Comiss\u00e3o, institu\u00edda pela professora Margareth Diniz na \u00faltima quinta-feira (12), divulgaram informativo orientando os docentes, t\u00e9cnico-administrativos e estudantes da UFPB sobre a\u00e7\u00f5es preventivas que j\u00e1 est\u00e3o valendo no ambiente da UFPB. Entre as medidas est\u00e1 a suspens\u00e3o de eventos, segundo recomenda\u00e7\u00e3o do Minist\u00e9rio da Sa\u00fade, que promovam grandes aglomera\u00e7\u00f5es. Assim como atividades extracurriculares \u2013 a exemplo de congressos, simp\u00f3sios, cerim\u00f4nias de formatura, posse e entrega de t\u00edtulos honor\u00edficos. Eventos comemorativos, cient\u00edficos, art\u00edsticos, culturais e esportivos tamb\u00e9m ficam suspensos. Estas atividades n\u00e3o dever\u00e3o ser reprogramadas at\u00e9 que se restabele\u00e7a a normalidade.<\/p>\n\n\n\n<p>Veja&nbsp;<a href=\"https:\/\/www.ufpb.br\/ufpb\/contents\/noticias\/reitora-da-ufpb-convoca-reuniao-emergencial-para-discutir-coronavirus\/InformativoComissodeEnfrentamentoaoCoronavirus91.pdf\">aqui<\/a>&nbsp;a \u00edntegra do informativo da Comiss\u00e3o.<br><\/p>\n\n\n\n<p>\u201cNa ocorr\u00eancia das aulas, deve-se dar prefer\u00eancia, sempre que poss\u00edvel, a ventila\u00e7\u00e3o natural\u201d, orienta a Comiss\u00e3o composta pelos docentes Jo\u00e3o Euclides, diretor do Centro da Sa\u00fade; Eduardo S\u00e9rgio, diretor do Centro de Ci\u00eancias M\u00e9dicas; Flavia Pimenta, superintendente do Hospital Universit\u00e1rio Lauro Wanderley (HU), Mois\u00e9s Lima, gerente de Sa\u00fade do HU; Luciana Holmes e Francisco Silva, infectologista do HU.<\/p>\n\n\n\n<p>A Comiss\u00e3o tamb\u00e9m decidiu pela estimula\u00e7\u00e3o de trabalhos em hor\u00e1rios alternativos em escala, reuni\u00f5es virtuais, home office e a restri\u00e7\u00e3o de contato social para pessoas com 60 anos ou mais e que apresentam comorbidades.<\/p>\n","protected":false},"excerpt":{"rendered":"<p>A Reitora da Universidade Federal da Para\u00edba (UFPB), professora Margareth Diniz, convocou na tarde deste domingo (15) uma reuni\u00e3o emergencial com Diretores dos Centros de&hellip; <\/p>\n","protected":false},"author":2,"featured_media":158149,"comment_status":"closed","ping_status":"closed","sticky":false,"template":"","format":"standard","meta":{"sfsi_plus_gutenberg_text_before_share":"","sfsi_plus_gutenberg_show_text_before_share":"","sfsi_plus_gutenberg_icon_type":"","sfsi_plus_gutenberg_icon_alignemt":"","sfsi_plus_gutenburg_max_per_row":"","footnotes":""},"categories":[2],"tags":[],"class_list":["post-158148","post","type-post","status-publish","format-standard","has-post-thumbnail","hentry","category-geral"],"_links":{"self":[{"href":"https:\/\/www.caririemacao.com\/1\/wp-json\/wp\/v2\/posts\/158148","targetHints":{"allow":["GET"]}}],"collection":[{"href":"https:\/\/www.caririemacao.com\/1\/wp-json\/wp\/v2\/posts"}],"about":[{"href":"https:\/\/www.caririemacao.com\/1\/wp-json\/wp\/v2\/types\/post"}],"author":[{"embeddable":true,"href":"https:\/\/www.caririemacao.com\/1\/wp-json\/wp\/v2\/users\/2"}],"replies":[{"embeddable":true,"href":"https:\/\/www.caririemacao.com\/1\/wp-json\/wp\/v2\/comments?post=158148"}],"version-history":[{"count":1,"href":"https:\/\/www.caririemacao.com\/1\/wp-json\/wp\/v2\/posts\/158148\/revisions"}],"predecessor-version":[{"id":158150,"href":"https:\/\/www.caririemacao.com\/1\/wp-json\/wp\/v2\/posts\/158148\/revisions\/158150"}],"wp:featuredmedia":[{"embeddable":true,"href":"https:\/\/www.caririemacao.com\/1\/wp-json\/wp\/v2\/media\/158149"}],"wp:attachment":[{"href":"https:\/\/www.caririemacao.com\/1\/wp-json\/wp\/v2\/media?parent=158148"}],"wp:term":[{"taxonomy":"category","embeddable":true,"href":"https:\/\/www.caririemacao.com\/1\/wp-json\/wp\/v2\/categories?post=158148"},{"taxonomy":"post_tag","embeddable":true,"href":"https:\/\/www.caririemacao.com\/1\/wp-json\/wp\/v2\/tags?post=158148"}],"curies":[{"name":"wp","href":"https:\/\/api.w.org\/{rel}","templated":true}]}}