{"id":158152,"date":"2020-03-16T08:03:43","date_gmt":"2020-03-16T11:03:43","guid":{"rendered":"http:\/\/www.caririemacao.com\/1\/?p=158152"},"modified":"2020-03-16T08:03:45","modified_gmt":"2020-03-16T11:03:45","slug":"cantor-caririzeiro-se-envolve-em-acidente-na-estrada-proximo-a-caraubas","status":"publish","type":"post","link":"https:\/\/www.caririemacao.com\/1\/2020\/03\/16\/cantor-caririzeiro-se-envolve-em-acidente-na-estrada-proximo-a-caraubas\/","title":{"rendered":"Cantor caririzeiro se envolve em acidente na estrada pr\u00f3ximo \u00e0 Cara\u00fabas"},"content":{"rendered":"\n<p>Na noite deste domingo(15) um acidente automobil\u00edstico foi registrado na estrada pr\u00f3ximo ao S\u00edtio Campos, na pista que d\u00e1 acesso ao munic\u00edpio de Cara\u00fabas, Cariri da Para\u00edba.<\/p>\n\n\n\n<p>Segundo informa\u00e7\u00f5es colhidas pelo portal De Olho no Cariri, o acidente envolveu o cantor Gil Camargo que se dirigia para um show em Camala\u00fa, quando no trajeto se envolveu em uma forte colis\u00e3o com um ve\u00edculo desgovernado que estava fazendo zig zag na pista.<\/p>\n\n\n\n<p>Os ve\u00edculos ficaram bastantes deteriorados devido a forte colis\u00e3o.<\/p>\n\n\n\n<p>Gil Camargo sofreu pequenas escoria\u00e7\u00f5es, j\u00e1 o propriet\u00e1rio do outro ve\u00edculo foi socorrido pelo SAMU de Cara\u00fabas.<\/p>\n\n\n\n<p><strong>De Olho no Cariri<\/strong><\/p>\n","protected":false},"excerpt":{"rendered":"<p>Na noite deste domingo(15) um acidente automobil\u00edstico foi registrado na estrada pr\u00f3ximo ao S\u00edtio Campos, na pista que d\u00e1 acesso ao munic\u00edpio de Cara\u00fabas, Cariri&hellip; <\/p>\n","protected":false},"author":2,"featured_media":158153,"comment_status":"closed","ping_status":"closed","sticky":false,"template":"","format":"standard","meta":{"sfsi_plus_gutenberg_text_before_share":"","sfsi_plus_gutenberg_show_text_before_share":"","sfsi_plus_gutenberg_icon_type":"","sfsi_plus_gutenberg_icon_alignemt":"","sfsi_plus_gutenburg_max_per_row":"","footnotes":""},"categories":[50,2],"tags":[],"class_list":["post-158152","post","type-post","status-publish","format-standard","has-post-thumbnail","hentry","category-destaque","category-geral"],"_links":{"self":[{"href":"https:\/\/www.caririemacao.com\/1\/wp-json\/wp\/v2\/posts\/158152","targetHints":{"allow":["GET"]}}],"collection":[{"href":"https:\/\/www.caririemacao.com\/1\/wp-json\/wp\/v2\/posts"}],"about":[{"href":"https:\/\/www.caririemacao.com\/1\/wp-json\/wp\/v2\/types\/post"}],"author":[{"embeddable":true,"href":"https:\/\/www.caririemacao.com\/1\/wp-json\/wp\/v2\/users\/2"}],"replies":[{"embeddable":true,"href":"https:\/\/www.caririemacao.com\/1\/wp-json\/wp\/v2\/comments?post=158152"}],"version-history":[{"count":1,"href":"https:\/\/www.caririemacao.com\/1\/wp-json\/wp\/v2\/posts\/158152\/revisions"}],"predecessor-version":[{"id":158154,"href":"https:\/\/www.caririemacao.com\/1\/wp-json\/wp\/v2\/posts\/158152\/revisions\/158154"}],"wp:featuredmedia":[{"embeddable":true,"href":"https:\/\/www.caririemacao.com\/1\/wp-json\/wp\/v2\/media\/158153"}],"wp:attachment":[{"href":"https:\/\/www.caririemacao.com\/1\/wp-json\/wp\/v2\/media?parent=158152"}],"wp:term":[{"taxonomy":"category","embeddable":true,"href":"https:\/\/www.caririemacao.com\/1\/wp-json\/wp\/v2\/categories?post=158152"},{"taxonomy":"post_tag","embeddable":true,"href":"https:\/\/www.caririemacao.com\/1\/wp-json\/wp\/v2\/tags?post=158152"}],"curies":[{"name":"wp","href":"https:\/\/api.w.org\/{rel}","templated":true}]}}