{"id":158156,"date":"2020-03-16T08:05:32","date_gmt":"2020-03-16T11:05:32","guid":{"rendered":"http:\/\/www.caririemacao.com\/1\/?p=158156"},"modified":"2020-03-16T08:05:34","modified_gmt":"2020-03-16T11:05:34","slug":"vice-prefeito-de-monteiro-participa-de-eventos-e-elogia-ritmo-de-trabalho-da-gestao","status":"publish","type":"post","link":"https:\/\/www.caririemacao.com\/1\/2020\/03\/16\/vice-prefeito-de-monteiro-participa-de-eventos-e-elogia-ritmo-de-trabalho-da-gestao\/","title":{"rendered":"Vice-prefeito de Monteiro participa de eventos e elogia ritmo de trabalho da gest\u00e3o"},"content":{"rendered":"\n<div class=\"wp-block-image\"><figure class=\"alignleft\"><img decoding=\"async\" data-src=\"https:\/\/i0.wp.com\/www.vitrinedocariri.com.br\/wp-content\/uploads\/2020\/03\/11.jpg?resize=300%2C200&amp;ssl=1\" alt=\"\" class=\"wp-image-66243 lazyload\" src=\"data:image\/svg+xml;base64,PHN2ZyB3aWR0aD0iMSIgaGVpZ2h0PSIxIiB4bWxucz0iaHR0cDovL3d3dy53My5vcmcvMjAwMC9zdmciPjwvc3ZnPg==\" \/><\/figure><\/div>\n\n\n\n<p>&nbsp;vice-prefeito de Monteiro Celecileno Alves participou de importantes a\u00e7\u00f5es da administra\u00e7\u00e3o municipal nesta&nbsp;semana, ao lado da gestora Anna Lorena.<\/p>\n\n\n\n<p>Celecileno afirmou, que as a\u00e7\u00f5es administrativas est\u00e3o sendo realizadas no ritmo em que esta gest\u00e3o sempre quis trabalhar em prol da popula\u00e7\u00e3o, e que muitos benef\u00edcios para o povo de Monteiro ainda v\u00eam por a\u00ed.<\/p>\n\n\n\n<p>O vice-prefeito esteve na \u00faltima quinta feira, na inaugura\u00e7\u00e3o da sede pr\u00f3pria do PSF do novo bairro do Alto da Serra, e l\u00e1 destacou a grandiosidade da obra.<\/p>\n\n\n\n<p>\u201c\u00c9 um verdadeiro mini hospital, um dos mais amplos do munic\u00edpio, e o mais bem equipado e constru\u00eddo sem sombras de d\u00favidas. Uma obra, pensada, estruturada, constru\u00edda e entregue \u00e0 popula\u00e7\u00e3o pela nossa gest\u00e3o\u201d, disse Celecileno.<\/p>\n\n\n\n<p><strong>FESTIVAL DE CULTURA POPULAR ZAB\u00c9 DA LOCA<\/strong><\/p>\n\n\n\n<p>J\u00e1 na sexta, 13, \u00e0 noite, o vice prefeito acompanhou a comitiva da gest\u00e3o municipal durante toda a programa\u00e7\u00e3o do 11\u00ba Festival de Cultura Popular Zab\u00e9 da Loca, que prestou uma bela homenagem \u00e0 cantora monteirense Adma Andrade com a participa\u00e7\u00e3o especial da Banda Lim\u00e3o com Mel.<\/p>\n\n\n\n<p>\u201cHomenagem mais do que merecida, no m\u00eas das mulheres, \u00e0 uma mulher que orgulha e leva o nome de Monteiro por onde passa. Mostrando que nossa gest\u00e3o reconhece a for\u00e7a e o talento do povo da nossa terra\u201d, disse Celecileno.<\/p>\n","protected":false},"excerpt":{"rendered":"<p>&nbsp;vice-prefeito de Monteiro Celecileno Alves participou de importantes a\u00e7\u00f5es da administra\u00e7\u00e3o municipal nesta&nbsp;semana, ao lado da gestora Anna Lorena. Celecileno afirmou, que as a\u00e7\u00f5es administrativas&hellip; <\/p>\n","protected":false},"author":2,"featured_media":158157,"comment_status":"closed","ping_status":"closed","sticky":false,"template":"","format":"standard","meta":{"sfsi_plus_gutenberg_text_before_share":"","sfsi_plus_gutenberg_show_text_before_share":"","sfsi_plus_gutenberg_icon_type":"","sfsi_plus_gutenberg_icon_alignemt":"","sfsi_plus_gutenburg_max_per_row":"","footnotes":""},"categories":[2],"tags":[],"class_list":["post-158156","post","type-post","status-publish","format-standard","has-post-thumbnail","hentry","category-geral"],"_links":{"self":[{"href":"https:\/\/www.caririemacao.com\/1\/wp-json\/wp\/v2\/posts\/158156","targetHints":{"allow":["GET"]}}],"collection":[{"href":"https:\/\/www.caririemacao.com\/1\/wp-json\/wp\/v2\/posts"}],"about":[{"href":"https:\/\/www.caririemacao.com\/1\/wp-json\/wp\/v2\/types\/post"}],"author":[{"embeddable":true,"href":"https:\/\/www.caririemacao.com\/1\/wp-json\/wp\/v2\/users\/2"}],"replies":[{"embeddable":true,"href":"https:\/\/www.caririemacao.com\/1\/wp-json\/wp\/v2\/comments?post=158156"}],"version-history":[{"count":1,"href":"https:\/\/www.caririemacao.com\/1\/wp-json\/wp\/v2\/posts\/158156\/revisions"}],"predecessor-version":[{"id":158158,"href":"https:\/\/www.caririemacao.com\/1\/wp-json\/wp\/v2\/posts\/158156\/revisions\/158158"}],"wp:featuredmedia":[{"embeddable":true,"href":"https:\/\/www.caririemacao.com\/1\/wp-json\/wp\/v2\/media\/158157"}],"wp:attachment":[{"href":"https:\/\/www.caririemacao.com\/1\/wp-json\/wp\/v2\/media?parent=158156"}],"wp:term":[{"taxonomy":"category","embeddable":true,"href":"https:\/\/www.caririemacao.com\/1\/wp-json\/wp\/v2\/categories?post=158156"},{"taxonomy":"post_tag","embeddable":true,"href":"https:\/\/www.caririemacao.com\/1\/wp-json\/wp\/v2\/tags?post=158156"}],"curies":[{"name":"wp","href":"https:\/\/api.w.org\/{rel}","templated":true}]}}