{"id":158197,"date":"2020-03-16T11:22:29","date_gmt":"2020-03-16T14:22:29","guid":{"rendered":"http:\/\/www.caririemacao.com\/1\/?p=158197"},"modified":"2020-03-16T11:54:23","modified_gmt":"2020-03-16T14:54:23","slug":"vereador-niedson-e-premais-de-70-mulheres-serao-homenageadas-em-sao-jose-dos-cordeiros-nesra-terca","status":"publish","type":"post","link":"https:\/\/www.caririemacao.com\/1\/2020\/03\/16\/vereador-niedson-e-premais-de-70-mulheres-serao-homenageadas-em-sao-jose-dos-cordeiros-nesra-terca\/","title":{"rendered":"REFER\u00caNCIA: Mais de 70 mulheres ser\u00e3o homenageadas em S\u00e3o Jos\u00e9 dos Cordeiros"},"content":{"rendered":"\n<p>Nesta pr\u00f3xima ter\u00e7a-feira (17), acontecer\u00e1 mais uma sess\u00e3o na C\u00e2mara de Vereadores da cidade de S\u00e3o Jos\u00e9 dos Cordeiros. Mas com uma pauta especial. Al\u00e9m de tratar sobre requerimentos e projetos importantes que beneficiar\u00e3o as mulheres, ainda ter\u00e1 uma grande homenagem a mais de 70 mulheres do munic\u00edpio. Entre donas do lar, educadoras, profissionais da sa\u00fade, servidoras municipais e empreendedoras.<\/p>\n\n\n\n<p>O evento ser\u00e1 resultado de um requerimento apresentado pelo vereador Niedson Brito,&nbsp; onde viu a necessidade de homenagear mulheres do munic\u00edpio de S\u00e3o Jos\u00e9 dos Cordeiros que s\u00e3o refer\u00eancia na edifica\u00e7\u00e3o da sua fam\u00edlia, na sua vida profissional. Mulheres que lutam diariamente por seu espa\u00e7o na sociedade<\/p>\n\n\n\n<p>Um dos objetivos da reuni\u00e3o \u00e9 que projetos de lei sejam aprovados,\ncomo o do vereador Niedson Brito, onde orienta a C\u00e2mara Municipal em forma\nregimental, a celebrar todos os anos no m\u00eas de mar\u00e7o a comemora\u00e7\u00e3o ao dia da\nmulher. Onde essas mulheres refer\u00eancia receber\u00e3o a honraria, que ter\u00e1 o nome de\nMaria de Lourdes Santos Braz, em homenagem a professora Lurdinha, muito querida\nno munic\u00edpio e falecida em 2019.<\/p>\n\n\n\n<p>Tamb\u00e9m entra na pauta de vota\u00e7\u00e3o um outro projeto da autoria\ndo vereador Niedson, sugerindo que fa\u00e7a parte do calend\u00e1rio municipal&nbsp; o dia 25 de novembro, dia de combate \u00e0\nelimina\u00e7\u00e3o a toda forma de viol\u00eancia dom\u00e9stica. E tamb\u00e9m ser\u00e1 protocolado outro\nprojeto, sugerido pelo vereador, onde determina a proibi\u00e7\u00e3o&nbsp; agressores a mulher, que estejam enquadrados\nna lei Maria da Penha, a ocuparem cargos p\u00fablicos. E quando houver concurso\np\u00fablico no Munic\u00edpio, essa lei tamb\u00e9m ser\u00e1 validada para poss\u00edveis candidatos\nque tenham um hist\u00f3rico de viol\u00eancia domestica<\/p>\n\n\n\n<p>No mesmo dia, o vereador Niedson Brito, juntamente com o\nprefeito Jefferson Roberto, estar\u00e3o entregando equipamentos, como: cadeira de\nroda, cadeira de banho, muletas, equipamento de aferi\u00e7\u00e3o de press\u00e3o, dosagem de\nglicose, material para curativo, ao Projeto VIVER BEM NA 3\u00aa IDADE, projeto idealizado\nno munic\u00edpio, onde uma t\u00e9cnica de enfermagem faz monitoramento e visitas\ndomiciliares a mais de 20 idosos. <\/p>\n\n\n\n<p>Estar\u00e3o presentes no evento, o prefeito Jefferson Roberto, o vereador Niedson Brito,\u00a0 secret\u00e1rios, Conselho do direito da mulher e lideran\u00e7as comunit\u00e1ria.<\/p>\n","protected":false},"excerpt":{"rendered":"<p>Nesta pr\u00f3xima ter\u00e7a-feira (17), acontecer\u00e1 mais uma sess\u00e3o na C\u00e2mara de Vereadores da cidade de S\u00e3o Jos\u00e9 dos Cordeiros. Mas com uma pauta especial. Al\u00e9m&hellip; <\/p>\n","protected":false},"author":1,"featured_media":153172,"comment_status":"closed","ping_status":"closed","sticky":false,"template":"","format":"standard","meta":{"sfsi_plus_gutenberg_text_before_share":"","sfsi_plus_gutenberg_show_text_before_share":"","sfsi_plus_gutenberg_icon_type":"","sfsi_plus_gutenberg_icon_alignemt":"","sfsi_plus_gutenburg_max_per_row":"","footnotes":""},"categories":[6,50],"tags":[],"class_list":["post-158197","post","type-post","status-publish","format-standard","has-post-thumbnail","hentry","category-cidades","category-destaque"],"_links":{"self":[{"href":"https:\/\/www.caririemacao.com\/1\/wp-json\/wp\/v2\/posts\/158197","targetHints":{"allow":["GET"]}}],"collection":[{"href":"https:\/\/www.caririemacao.com\/1\/wp-json\/wp\/v2\/posts"}],"about":[{"href":"https:\/\/www.caririemacao.com\/1\/wp-json\/wp\/v2\/types\/post"}],"author":[{"embeddable":true,"href":"https:\/\/www.caririemacao.com\/1\/wp-json\/wp\/v2\/users\/1"}],"replies":[{"embeddable":true,"href":"https:\/\/www.caririemacao.com\/1\/wp-json\/wp\/v2\/comments?post=158197"}],"version-history":[{"count":2,"href":"https:\/\/www.caririemacao.com\/1\/wp-json\/wp\/v2\/posts\/158197\/revisions"}],"predecessor-version":[{"id":158251,"href":"https:\/\/www.caririemacao.com\/1\/wp-json\/wp\/v2\/posts\/158197\/revisions\/158251"}],"wp:featuredmedia":[{"embeddable":true,"href":"https:\/\/www.caririemacao.com\/1\/wp-json\/wp\/v2\/media\/153172"}],"wp:attachment":[{"href":"https:\/\/www.caririemacao.com\/1\/wp-json\/wp\/v2\/media?parent=158197"}],"wp:term":[{"taxonomy":"category","embeddable":true,"href":"https:\/\/www.caririemacao.com\/1\/wp-json\/wp\/v2\/categories?post=158197"},{"taxonomy":"post_tag","embeddable":true,"href":"https:\/\/www.caririemacao.com\/1\/wp-json\/wp\/v2\/tags?post=158197"}],"curies":[{"name":"wp","href":"https:\/\/api.w.org\/{rel}","templated":true}]}}