{"id":158228,"date":"2020-03-16T10:40:36","date_gmt":"2020-03-16T13:40:36","guid":{"rendered":"http:\/\/www.caririemacao.com\/1\/?p=158228"},"modified":"2020-03-16T10:40:39","modified_gmt":"2020-03-16T13:40:39","slug":"bandido-armado-com-faca-invade-condominio-e-faz-familia-refem-em-cidade-da-pb","status":"publish","type":"post","link":"https:\/\/www.caririemacao.com\/1\/2020\/03\/16\/bandido-armado-com-faca-invade-condominio-e-faz-familia-refem-em-cidade-da-pb\/","title":{"rendered":"Bandido armado com faca invade condom\u00ednio e faz fam\u00edlia ref\u00e9m em cidade da PB"},"content":{"rendered":"\n<figure class=\"wp-block-image\"><img decoding=\"async\" data-src=\"http:\/\/paraibadebate.com.br\/wp-content\/uploads\/2020\/03\/483446FB-65DB-42AA-B9DF-AD3DEE6118F9.jpeg\" alt=\"\" src=\"data:image\/svg+xml;base64,PHN2ZyB3aWR0aD0iMSIgaGVpZ2h0PSIxIiB4bWxucz0iaHR0cDovL3d3dy53My5vcmcvMjAwMC9zdmciPjwvc3ZnPg==\" class=\"lazyload\" \/><\/figure>\n\n\n\n<p>Um homem armado com uma faca invadiu um condom\u00ednio residencial e fez uma fam\u00edlia ref\u00e9m, na manh\u00e3 deste domingo (15), no bairro Funcion\u00e1rios I\/Oitizeiro, em Jo\u00e3o Pessoa.&nbsp;<\/p>\n\n\n\n<p>De acordo com informa\u00e7\u00f5es da Pol\u00edcia, o suspeito teria rendido a fam\u00edlia, colocou todos dentro do banheiro, roubou alguns objetos e dois aparelhos celulares e fugiu. Ningu\u00e9m ficou ferido.&nbsp;<\/p>\n\n\n\n<p>C\u00e2meras de seguran\u00e7a registraram o momento em que o suspeito circulava pelo residencial. A policia divulgou as imagens para quem reconhecer o suspeito denunciar atrav\u00e9s do 190 ou 197. A identidade de quem denunciar ser\u00e1 mantida em sigilo.<\/p>\n\n\n\n<p>Fonte: ClickPB<\/p>\n","protected":false},"excerpt":{"rendered":"<p>Um homem armado com uma faca invadiu um condom\u00ednio residencial e fez uma fam\u00edlia ref\u00e9m, na manh\u00e3 deste domingo (15), no bairro Funcion\u00e1rios I\/Oitizeiro, em&hellip; <\/p>\n","protected":false},"author":2,"featured_media":158229,"comment_status":"closed","ping_status":"closed","sticky":false,"template":"","format":"standard","meta":{"sfsi_plus_gutenberg_text_before_share":"","sfsi_plus_gutenberg_show_text_before_share":"","sfsi_plus_gutenberg_icon_type":"","sfsi_plus_gutenberg_icon_alignemt":"","sfsi_plus_gutenburg_max_per_row":"","footnotes":""},"categories":[12],"tags":[],"class_list":["post-158228","post","type-post","status-publish","format-standard","has-post-thumbnail","hentry","category-policia"],"_links":{"self":[{"href":"https:\/\/www.caririemacao.com\/1\/wp-json\/wp\/v2\/posts\/158228","targetHints":{"allow":["GET"]}}],"collection":[{"href":"https:\/\/www.caririemacao.com\/1\/wp-json\/wp\/v2\/posts"}],"about":[{"href":"https:\/\/www.caririemacao.com\/1\/wp-json\/wp\/v2\/types\/post"}],"author":[{"embeddable":true,"href":"https:\/\/www.caririemacao.com\/1\/wp-json\/wp\/v2\/users\/2"}],"replies":[{"embeddable":true,"href":"https:\/\/www.caririemacao.com\/1\/wp-json\/wp\/v2\/comments?post=158228"}],"version-history":[{"count":1,"href":"https:\/\/www.caririemacao.com\/1\/wp-json\/wp\/v2\/posts\/158228\/revisions"}],"predecessor-version":[{"id":158230,"href":"https:\/\/www.caririemacao.com\/1\/wp-json\/wp\/v2\/posts\/158228\/revisions\/158230"}],"wp:featuredmedia":[{"embeddable":true,"href":"https:\/\/www.caririemacao.com\/1\/wp-json\/wp\/v2\/media\/158229"}],"wp:attachment":[{"href":"https:\/\/www.caririemacao.com\/1\/wp-json\/wp\/v2\/media?parent=158228"}],"wp:term":[{"taxonomy":"category","embeddable":true,"href":"https:\/\/www.caririemacao.com\/1\/wp-json\/wp\/v2\/categories?post=158228"},{"taxonomy":"post_tag","embeddable":true,"href":"https:\/\/www.caririemacao.com\/1\/wp-json\/wp\/v2\/tags?post=158228"}],"curies":[{"name":"wp","href":"https:\/\/api.w.org\/{rel}","templated":true}]}}