{"id":158232,"date":"2020-03-16T10:44:53","date_gmt":"2020-03-16T13:44:53","guid":{"rendered":"http:\/\/www.caririemacao.com\/1\/?p=158232"},"modified":"2020-03-16T10:44:55","modified_gmt":"2020-03-16T13:44:55","slug":"parceria-entre-prefeitura-de-monteirohospial-regional-e-cartorio-de-registro-civil-proporciona-campanha-simeu-existo","status":"publish","type":"post","link":"https:\/\/www.caririemacao.com\/1\/2020\/03\/16\/parceria-entre-prefeitura-de-monteirohospial-regional-e-cartorio-de-registro-civil-proporciona-campanha-simeu-existo\/","title":{"rendered":"Parceria entre prefeitura de Monteiro,hospial regional e cart\u00f3rio de registro civil proporciona campanha &#8220;Sim,eu existo&#8221;"},"content":{"rendered":"\n<p>A Prefeitura Municipal de Monteiro, atrav\u00e9s da Secretaria de Desenvolvimento Social firmou parceria com o Hospital Regional Santa Filomena e o Cart\u00f3rio de Registro Civil do munic\u00edpio para lan\u00e7ar a \u201cCampanha Municipal pela Erradica\u00e7\u00e3o do sub-registro civil de nascimento e amplia\u00e7\u00e3o do acesso \u00e0 documenta\u00e7\u00e3o\u201d.<\/p>\n\n\n\n<p>Atrav\u00e9s desta a\u00e7\u00e3o a &#8220;Campanha Sim, eu Existo! Certid\u00e3o de Nascimento o Primeiro Passo Para a Cidadania&#8221;, tem por objetivo a redu\u00e7\u00e3o significativa do n\u00famero de crian\u00e7as monteirenses que n\u00e3o possuem Certid\u00e3o de Nascimento.<\/p>\n\n\n\n<p>A falta do registro de nascimento \u00e9 uma viola\u00e7\u00e3o a um direito fundamental de todas as pessoas: o direito a um nome. Al\u00e9m disso, n\u00e3o ter registro de nascimento causam \u00e0s crian\u00e7as dificuldades de acesso a servi\u00e7os sociais b\u00e1sicos. Por isso, \u00e9 importante fazer o registro ainda no hospital assim que a crian\u00e7a nasce.<br><br>O lan\u00e7amento desta parceria acontecer\u00e1 no dia 24 de mar\u00e7o, na ala obst\u00e9trica do Hospital Regional Santa Filomena. Al\u00e9m de orientar a popula\u00e7\u00e3o sobre os procedimentos para a emiss\u00e3o do registro de nascimento as equipes estar\u00e3o dispon\u00edveis para responder aos questionamentos dos presentes.<\/p>\n\n\n\n<p>Para realizar o registro da crian\u00e7a a documenta\u00e7\u00e3o necess\u00e1ria \u00e9: Declara\u00e7\u00e3o dos nascidos vivos (DNV) e Documento de identifica\u00e7\u00e3o ( RG, CPF, ou qual documento com foto) do pai e da m\u00e3e.<\/p>\n\n\n\n<p>\u201cA pessoa que n\u00e3o possui o registro de nascimento \u00e9 invis\u00edvel na sociedade e n\u00e3o tem o seu direito humano garantido. Todo cidad\u00e3o registrado possui a documenta\u00e7\u00e3o b\u00e1sica e o direito a educa\u00e7\u00e3o, sa\u00fade, habita\u00e7\u00e3o e lazer. Nossa miss\u00e3o \u00e9 garantir cidadania aos que se encontram em situa\u00e7\u00e3o de vulnerabilidade social\u201d, comenta a prefeita Anna Lorena que estar\u00e1 presente no lan\u00e7amento da campanha.<\/p>\n\n\n\n<p>Registro assim que nasce?<br>O cart\u00f3rio realiza atendimento todos os dias pela manh\u00e3 a partir das 8 horas no Hospital Santa Filomena.<\/p>\n\n\n\n<p>Em casos de d\u00favida fale!<br>Secretaria Municipal de Desenvolvimento Social &#8211; Fone: 83333511510<br>Cart\u00f3rio de Registro Civil de Monteiro &#8211; Fone: 83 999310403\/333513215<\/p>\n","protected":false},"excerpt":{"rendered":"<p>A Prefeitura Municipal de Monteiro, atrav\u00e9s da Secretaria de Desenvolvimento Social firmou parceria com o Hospital Regional Santa Filomena e o Cart\u00f3rio de Registro Civil&hellip; <\/p>\n","protected":false},"author":2,"featured_media":158233,"comment_status":"closed","ping_status":"closed","sticky":false,"template":"","format":"standard","meta":{"sfsi_plus_gutenberg_text_before_share":"","sfsi_plus_gutenberg_show_text_before_share":"","sfsi_plus_gutenberg_icon_type":"","sfsi_plus_gutenberg_icon_alignemt":"","sfsi_plus_gutenburg_max_per_row":"","footnotes":""},"categories":[2],"tags":[],"class_list":["post-158232","post","type-post","status-publish","format-standard","has-post-thumbnail","hentry","category-geral"],"_links":{"self":[{"href":"https:\/\/www.caririemacao.com\/1\/wp-json\/wp\/v2\/posts\/158232","targetHints":{"allow":["GET"]}}],"collection":[{"href":"https:\/\/www.caririemacao.com\/1\/wp-json\/wp\/v2\/posts"}],"about":[{"href":"https:\/\/www.caririemacao.com\/1\/wp-json\/wp\/v2\/types\/post"}],"author":[{"embeddable":true,"href":"https:\/\/www.caririemacao.com\/1\/wp-json\/wp\/v2\/users\/2"}],"replies":[{"embeddable":true,"href":"https:\/\/www.caririemacao.com\/1\/wp-json\/wp\/v2\/comments?post=158232"}],"version-history":[{"count":1,"href":"https:\/\/www.caririemacao.com\/1\/wp-json\/wp\/v2\/posts\/158232\/revisions"}],"predecessor-version":[{"id":158234,"href":"https:\/\/www.caririemacao.com\/1\/wp-json\/wp\/v2\/posts\/158232\/revisions\/158234"}],"wp:featuredmedia":[{"embeddable":true,"href":"https:\/\/www.caririemacao.com\/1\/wp-json\/wp\/v2\/media\/158233"}],"wp:attachment":[{"href":"https:\/\/www.caririemacao.com\/1\/wp-json\/wp\/v2\/media?parent=158232"}],"wp:term":[{"taxonomy":"category","embeddable":true,"href":"https:\/\/www.caririemacao.com\/1\/wp-json\/wp\/v2\/categories?post=158232"},{"taxonomy":"post_tag","embeddable":true,"href":"https:\/\/www.caririemacao.com\/1\/wp-json\/wp\/v2\/tags?post=158232"}],"curies":[{"name":"wp","href":"https:\/\/api.w.org\/{rel}","templated":true}]}}