{"id":158245,"date":"2020-03-16T11:21:13","date_gmt":"2020-03-16T14:21:13","guid":{"rendered":"http:\/\/www.caririemacao.com\/1\/?p=158245"},"modified":"2020-03-16T11:21:15","modified_gmt":"2020-03-16T14:21:15","slug":"prf-prende-motorista-embriagado-que-transitava-na-contramao-na-br-101-e-provocou-capotamento-de-outro-carro","status":"publish","type":"post","link":"https:\/\/www.caririemacao.com\/1\/2020\/03\/16\/prf-prende-motorista-embriagado-que-transitava-na-contramao-na-br-101-e-provocou-capotamento-de-outro-carro\/","title":{"rendered":"PRF prende motorista embriagado que transitava na contram\u00e3o na BR-101 e provocou capotamento de outro carro"},"content":{"rendered":"\n<p>Um motorista embriagado que transitava na contram\u00e3o foi preso pela Pol\u00edcia Rodovi\u00e1ria Federal ap\u00f3s causar um acidente em Alhandra, Litoral Sul paraibano. O fato aconteceu na tarde deste domingo (15), no km 105 da BR-101.<\/p>\n\n\n\n<p>A v\u00edtima, um homem de 40 anos, foi surpreendido quando conduzia seu ve\u00edculo modelo Classic no sentido Jo\u00e3o Pessoa\/Recife. O condutor embriagado estava no carro modelo Gol.<\/p>\n\n\n\n<p>Para evitar a colis\u00e3o, o motorista do Classic tentou desviar, saiu da pista e capotou o ve\u00edculo no canteiro central da BR-101. O homem embriagado continuou dirigindo na contram\u00e3o, at\u00e9 ser alcan\u00e7ado pela PRF. Isso porque testemunhas que j\u00e1 tinham visto a irregularidade tinham acionado a Pol\u00edcia Rodovi\u00e1ria Federal.<\/p>\n\n\n\n<p>O condutor ferido levemente no capotamento foi socorrido pelo Samu e levado ao Hospital de Trauma Senador Humberto Lucena.<\/p>\n\n\n\n<p>O causador do acidente foi submetido a teste do baf\u00f4metro, que constatou a embriaguez. Em seguida, ele foi encaminhado pela equipe da PRF \u00e0 delegacia de Pol\u00edcia Civil da regi\u00e3o.<\/p>\n\n\n\n<figure class=\"wp-block-image\"><img decoding=\"async\" data-src=\"https:\/\/www.clickpb.com.br\/media\/filer_public\/39\/46\/39464b48-88a8-45dd-9030-08e6f9e3ab28\/prf_prende_motorista_embriagado_que_transitava_na_contramao_na_br-101_e_provocou_capotamento_de_outro_carro_foto_prf_pb-2.jpeg\" alt=\"\" src=\"data:image\/svg+xml;base64,PHN2ZyB3aWR0aD0iMSIgaGVpZ2h0PSIxIiB4bWxucz0iaHR0cDovL3d3dy53My5vcmcvMjAwMC9zdmciPjwvc3ZnPg==\" class=\"lazyload\" \/><\/figure>\n","protected":false},"excerpt":{"rendered":"<p>Um motorista embriagado que transitava na contram\u00e3o foi preso pela Pol\u00edcia Rodovi\u00e1ria Federal ap\u00f3s causar um acidente em Alhandra, Litoral Sul paraibano. O fato aconteceu&hellip; <\/p>\n","protected":false},"author":2,"featured_media":158246,"comment_status":"closed","ping_status":"closed","sticky":false,"template":"","format":"standard","meta":{"sfsi_plus_gutenberg_text_before_share":"","sfsi_plus_gutenberg_show_text_before_share":"","sfsi_plus_gutenberg_icon_type":"","sfsi_plus_gutenberg_icon_alignemt":"","sfsi_plus_gutenburg_max_per_row":"","footnotes":""},"categories":[2],"tags":[],"class_list":["post-158245","post","type-post","status-publish","format-standard","has-post-thumbnail","hentry","category-geral"],"_links":{"self":[{"href":"https:\/\/www.caririemacao.com\/1\/wp-json\/wp\/v2\/posts\/158245","targetHints":{"allow":["GET"]}}],"collection":[{"href":"https:\/\/www.caririemacao.com\/1\/wp-json\/wp\/v2\/posts"}],"about":[{"href":"https:\/\/www.caririemacao.com\/1\/wp-json\/wp\/v2\/types\/post"}],"author":[{"embeddable":true,"href":"https:\/\/www.caririemacao.com\/1\/wp-json\/wp\/v2\/users\/2"}],"replies":[{"embeddable":true,"href":"https:\/\/www.caririemacao.com\/1\/wp-json\/wp\/v2\/comments?post=158245"}],"version-history":[{"count":1,"href":"https:\/\/www.caririemacao.com\/1\/wp-json\/wp\/v2\/posts\/158245\/revisions"}],"predecessor-version":[{"id":158247,"href":"https:\/\/www.caririemacao.com\/1\/wp-json\/wp\/v2\/posts\/158245\/revisions\/158247"}],"wp:featuredmedia":[{"embeddable":true,"href":"https:\/\/www.caririemacao.com\/1\/wp-json\/wp\/v2\/media\/158246"}],"wp:attachment":[{"href":"https:\/\/www.caririemacao.com\/1\/wp-json\/wp\/v2\/media?parent=158245"}],"wp:term":[{"taxonomy":"category","embeddable":true,"href":"https:\/\/www.caririemacao.com\/1\/wp-json\/wp\/v2\/categories?post=158245"},{"taxonomy":"post_tag","embeddable":true,"href":"https:\/\/www.caririemacao.com\/1\/wp-json\/wp\/v2\/tags?post=158245"}],"curies":[{"name":"wp","href":"https:\/\/api.w.org\/{rel}","templated":true}]}}