{"id":158252,"date":"2020-03-16T13:06:03","date_gmt":"2020-03-16T16:06:03","guid":{"rendered":"http:\/\/www.caririemacao.com\/1\/?p=158252"},"modified":"2020-03-16T20:34:13","modified_gmt":"2020-03-16T23:34:13","slug":"ouro-velho-vereador-junior-farias-solicita-medidas-preventivas-contra-o-coronavirus","status":"publish","type":"post","link":"https:\/\/www.caririemacao.com\/1\/2020\/03\/16\/ouro-velho-vereador-junior-farias-solicita-medidas-preventivas-contra-o-coronavirus\/","title":{"rendered":"Ouro Velho: Vereador Paulo J\u00fanior solicita medidas preventivas contra o Coronavirus"},"content":{"rendered":"\n<p>Em face da r\u00e1pida propaga\u00e7\u00e3o do Coronavirus, o vereador J\u00fanior Farias, apresentou um requerimento \u00e0 C\u00e2mara Municipal de Ouro Velho.  O qual aprovado por todos os vereadores, solicita ao poder executivo que formule um planejamento preventivo, tal como, medidas de conten\u00e7\u00e3o e capacita\u00e7\u00f5es das equipes de sa\u00fade.  <\/p>\n\n\n\n<p>&#8220;Diante do crescente n\u00famero de pessoas contaminadas pelo virus no Brasil, torna-se necess\u00e9rio uma discuss\u00e3o respons\u00e9vel e s\u00e9ria sobre o assunto, como forma de n\u00e3o causar p\u00e2nico na populac\u00e3o, mas sim orientar e cuidar com a\u00e7\u00f5es preventivas&#8221; disse o vereador J\u00fanior Farias.  <\/p>\n\n\n\n<p>Diante disso, foi solicitado a prefeita  Nat\u00e1lia Lira ado\u00e7\u00e3o de protocolos em relac\u00e3o ao funcionamento e atendimentos em \u00f3rg\u00e3os p\u00fablicos, centros de sa\u00fade, escolas, transporte p\u00fablico, espet\u00e1culos e eventos esportivos. Um protocolo que atenda n\u00e3o s\u00f3 a cidade, mas tamb\u00e9m aos servidores e trabalhadores municipais. <\/p>\n\n\n\n<p>Foi solicitado ainda, que seja disponibilizado \u00e1lcool gel 70, para todos os \u00f3rg\u00e3os da administrac\u00e9o municipal, bem como para a C\u00e2mara Municipal. Essa medida \u00e9 fundamental pelo fato desses trabalhadores terem contato com diversas pessoas, estando, portanto, expostas com mais intensidade ao risco de contamina\u00e7\u00e3o.  <\/p>\n","protected":false},"excerpt":{"rendered":"<p>Em face da r\u00e1pida propaga\u00e7\u00e3o do Coronavirus, o vereador J\u00fanior Farias, apresentou um requerimento \u00e0 C\u00e2mara Municipal de Ouro Velho. O qual aprovado por todos&hellip; <\/p>\n","protected":false},"author":1,"featured_media":137180,"comment_status":"closed","ping_status":"closed","sticky":false,"template":"","format":"standard","meta":{"sfsi_plus_gutenberg_text_before_share":"","sfsi_plus_gutenberg_show_text_before_share":"","sfsi_plus_gutenberg_icon_type":"","sfsi_plus_gutenberg_icon_alignemt":"","sfsi_plus_gutenburg_max_per_row":"","footnotes":""},"categories":[6,50],"tags":[],"class_list":["post-158252","post","type-post","status-publish","format-standard","has-post-thumbnail","hentry","category-cidades","category-destaque"],"_links":{"self":[{"href":"https:\/\/www.caririemacao.com\/1\/wp-json\/wp\/v2\/posts\/158252","targetHints":{"allow":["GET"]}}],"collection":[{"href":"https:\/\/www.caririemacao.com\/1\/wp-json\/wp\/v2\/posts"}],"about":[{"href":"https:\/\/www.caririemacao.com\/1\/wp-json\/wp\/v2\/types\/post"}],"author":[{"embeddable":true,"href":"https:\/\/www.caririemacao.com\/1\/wp-json\/wp\/v2\/users\/1"}],"replies":[{"embeddable":true,"href":"https:\/\/www.caririemacao.com\/1\/wp-json\/wp\/v2\/comments?post=158252"}],"version-history":[{"count":2,"href":"https:\/\/www.caririemacao.com\/1\/wp-json\/wp\/v2\/posts\/158252\/revisions"}],"predecessor-version":[{"id":158299,"href":"https:\/\/www.caririemacao.com\/1\/wp-json\/wp\/v2\/posts\/158252\/revisions\/158299"}],"wp:featuredmedia":[{"embeddable":true,"href":"https:\/\/www.caririemacao.com\/1\/wp-json\/wp\/v2\/media\/137180"}],"wp:attachment":[{"href":"https:\/\/www.caririemacao.com\/1\/wp-json\/wp\/v2\/media?parent=158252"}],"wp:term":[{"taxonomy":"category","embeddable":true,"href":"https:\/\/www.caririemacao.com\/1\/wp-json\/wp\/v2\/categories?post=158252"},{"taxonomy":"post_tag","embeddable":true,"href":"https:\/\/www.caririemacao.com\/1\/wp-json\/wp\/v2\/tags?post=158252"}],"curies":[{"name":"wp","href":"https:\/\/api.w.org\/{rel}","templated":true}]}}