{"id":158257,"date":"2020-03-16T13:50:03","date_gmt":"2020-03-16T16:50:03","guid":{"rendered":"http:\/\/www.caririemacao.com\/1\/?p=158257"},"modified":"2020-03-16T13:50:05","modified_gmt":"2020-03-16T16:50:05","slug":"informacao-de-caso-suspeito-de-coronavirus-em-monteiro-e-falsa","status":"publish","type":"post","link":"https:\/\/www.caririemacao.com\/1\/2020\/03\/16\/informacao-de-caso-suspeito-de-coronavirus-em-monteiro-e-falsa\/","title":{"rendered":"Informa\u00e7\u00e3o de caso suspeito de coronav\u00edrus em Monteiro \u00e9 falsa"},"content":{"rendered":"\n<p>Na noite deste domingo (15) circulou nos grupos da cidade de Monteiro que no Hospital regional Santa Filomena havia um paciente do sexo feminino internado na \u00e1rea de isolamento por suspeita de contrair o novo (covid-19) o Coronav\u00edrus, rapidamente a mensagem j\u00e1 tinha in\u00fameros compartilhamentos atrav\u00e9s dos grupos de WhatsApp, para a tranquilidade de todos, a informa\u00e7\u00e3o \u00e9 falsa conforme divulgou a secretaria de sa\u00fade do estado refor\u00e7ando que o munic\u00edpio n\u00e3o tem nem um caso suspeito sendo investigado.<\/p>\n\n\n\n<p><\/p>\n\n\n\n<p><strong>O que \u00e9 o coronav\u00edrus?<\/strong>\u00a0<\/p>\n\n\n\n<p>O coronav\u00edrus \u00e9 uma fam\u00edlia de v\u00edrus que se manifestou pela primeira vez em 1937. Em 31 de dezembro de 2019, foi identificado um novo tipo de coronav\u00edrus, que teve origem no mercado de frutos do mar e de animais vivos da cidade de Wuhan, na China.\u00a0<\/p>\n\n\n\n<p>Por causar graves infec\u00e7\u00f5es respirat\u00f3rias, o v\u00edrus ficou conhecido pela sigla SARS (Severe Acute Respiratory Syndrome ou S\u00edndrome Respirat\u00f3ria Aguda Grave, em tradu\u00e7\u00e3o livre).\u00a0<\/p>\n\n\n\n<p><strong>Como se proteger do Coronav\u00edrus?<\/strong>\u00a0<\/p>\n\n\n\n<p>A m\u00e9dica infectologista da Unimed Fortaleza Dra. L\u00edcia Borges Pontes, separou 5 cuidados que voc\u00ea e sua fam\u00edlia devem ter para se prevenir do coronav\u00edrus.\u00a0Lave as m\u00e3os;Use m\u00e1scaras de prote\u00e7\u00e3o adequadamente;Verifique sua temperatura regularmente;Evite grandes multid\u00f5es;Nunca toque seu rosto com as m\u00e3os sujas.<\/p>\n","protected":false},"excerpt":{"rendered":"<p>Na noite deste domingo (15) circulou nos grupos da cidade de Monteiro que no Hospital regional Santa Filomena havia um paciente do sexo feminino internado&hellip; <\/p>\n","protected":false},"author":2,"featured_media":28233,"comment_status":"closed","ping_status":"closed","sticky":false,"template":"","format":"standard","meta":{"sfsi_plus_gutenberg_text_before_share":"","sfsi_plus_gutenberg_show_text_before_share":"","sfsi_plus_gutenberg_icon_type":"","sfsi_plus_gutenberg_icon_alignemt":"","sfsi_plus_gutenburg_max_per_row":"","footnotes":""},"categories":[6,50],"tags":[],"class_list":["post-158257","post","type-post","status-publish","format-standard","has-post-thumbnail","hentry","category-cidades","category-destaque"],"_links":{"self":[{"href":"https:\/\/www.caririemacao.com\/1\/wp-json\/wp\/v2\/posts\/158257","targetHints":{"allow":["GET"]}}],"collection":[{"href":"https:\/\/www.caririemacao.com\/1\/wp-json\/wp\/v2\/posts"}],"about":[{"href":"https:\/\/www.caririemacao.com\/1\/wp-json\/wp\/v2\/types\/post"}],"author":[{"embeddable":true,"href":"https:\/\/www.caririemacao.com\/1\/wp-json\/wp\/v2\/users\/2"}],"replies":[{"embeddable":true,"href":"https:\/\/www.caririemacao.com\/1\/wp-json\/wp\/v2\/comments?post=158257"}],"version-history":[{"count":1,"href":"https:\/\/www.caririemacao.com\/1\/wp-json\/wp\/v2\/posts\/158257\/revisions"}],"predecessor-version":[{"id":158258,"href":"https:\/\/www.caririemacao.com\/1\/wp-json\/wp\/v2\/posts\/158257\/revisions\/158258"}],"wp:featuredmedia":[{"embeddable":true,"href":"https:\/\/www.caririemacao.com\/1\/wp-json\/wp\/v2\/media\/28233"}],"wp:attachment":[{"href":"https:\/\/www.caririemacao.com\/1\/wp-json\/wp\/v2\/media?parent=158257"}],"wp:term":[{"taxonomy":"category","embeddable":true,"href":"https:\/\/www.caririemacao.com\/1\/wp-json\/wp\/v2\/categories?post=158257"},{"taxonomy":"post_tag","embeddable":true,"href":"https:\/\/www.caririemacao.com\/1\/wp-json\/wp\/v2\/tags?post=158257"}],"curies":[{"name":"wp","href":"https:\/\/api.w.org\/{rel}","templated":true}]}}