{"id":158263,"date":"2020-03-16T13:56:18","date_gmt":"2020-03-16T16:56:18","guid":{"rendered":"http:\/\/www.caririemacao.com\/1\/?p=158263"},"modified":"2020-03-16T13:56:20","modified_gmt":"2020-03-16T16:56:20","slug":"agricultor-de-sao-jose-dos-cordeiros-sofre-acidente-de-moto-e-morre-em-trevo-na-pb-148","status":"publish","type":"post","link":"https:\/\/www.caririemacao.com\/1\/2020\/03\/16\/agricultor-de-sao-jose-dos-cordeiros-sofre-acidente-de-moto-e-morre-em-trevo-na-pb-148\/","title":{"rendered":"Agricultor de S\u00e3o Jos\u00e9 dos Cordeiros sofre acidente de moto e morre em trevo na PB-148"},"content":{"rendered":"\n<p>Um acidente ocorrido na madrugada desta segunda-feira(16) deixou mais uma v\u00edtima fatal na regi\u00e3o do Cariri paraibano.<\/p>\n\n\n\n<p>O agricultor identificado por Jo\u00e3o Batista Freire Cordeiro dos Santos, conhecido popularmente como \u2018Jo\u00e3o do Fole\u2019, veio a \u00f3bito ap\u00f3s perder o controle da moto na PB-148, em trevo que d\u00e1 acesso ao munic\u00edpio de Livramento.<\/p>\n\n\n\n<p>J\u00e1 por volta de 5h30 da manh\u00e3 populares que transitavam pela estrada encontraram o corpo e a moto nas proximidades do trevo.<\/p>\n\n\n\n<div class=\"wp-block-image\"><figure class=\"aligncenter\"><img decoding=\"async\" data-src=\"http:\/\/deolhonocariri.com.br\/wp-content\/uploads\/2020\/03\/89920255_558070448136667_1967900761727696896_n.jpg\" alt=\"\" class=\"wp-image-79231 lazyload\" src=\"data:image\/svg+xml;base64,PHN2ZyB3aWR0aD0iMSIgaGVpZ2h0PSIxIiB4bWxucz0iaHR0cDovL3d3dy53My5vcmcvMjAwMC9zdmciPjwvc3ZnPg==\" \/><\/figure><\/div>\n\n\n\n<p>Segundo informa\u00e7\u00f5es, colhidas pelo portal De Olho no Cariri, Jo\u00e3o do Fole estava altamente embriagado e veio a \u00f3bito no pr\u00f3prio local do acidente. Jo\u00e3o do Fole \u00e9 morador do S\u00edtio Timba\u00faba, zona rural de S\u00e3o Jos\u00e9 dos Cordeiros.<\/p>\n\n\n\n<p>A Pol\u00edcia Militar se encontra no local e aguarda a chegada do Instituto M\u00e9dico Legal (IML) para remo\u00e7\u00e3o do corpo.<\/p>\n\n\n\n<p><strong>De Olho no Cariri<\/strong><\/p>\n","protected":false},"excerpt":{"rendered":"<p>Um acidente ocorrido na madrugada desta segunda-feira(16) deixou mais uma v\u00edtima fatal na regi\u00e3o do Cariri paraibano. O agricultor identificado por Jo\u00e3o Batista Freire Cordeiro&hellip; <\/p>\n","protected":false},"author":2,"featured_media":158264,"comment_status":"closed","ping_status":"closed","sticky":false,"template":"","format":"standard","meta":{"sfsi_plus_gutenberg_text_before_share":"","sfsi_plus_gutenberg_show_text_before_share":"","sfsi_plus_gutenberg_icon_type":"","sfsi_plus_gutenberg_icon_alignemt":"","sfsi_plus_gutenburg_max_per_row":"","footnotes":""},"categories":[12],"tags":[],"class_list":["post-158263","post","type-post","status-publish","format-standard","has-post-thumbnail","hentry","category-policia"],"_links":{"self":[{"href":"https:\/\/www.caririemacao.com\/1\/wp-json\/wp\/v2\/posts\/158263","targetHints":{"allow":["GET"]}}],"collection":[{"href":"https:\/\/www.caririemacao.com\/1\/wp-json\/wp\/v2\/posts"}],"about":[{"href":"https:\/\/www.caririemacao.com\/1\/wp-json\/wp\/v2\/types\/post"}],"author":[{"embeddable":true,"href":"https:\/\/www.caririemacao.com\/1\/wp-json\/wp\/v2\/users\/2"}],"replies":[{"embeddable":true,"href":"https:\/\/www.caririemacao.com\/1\/wp-json\/wp\/v2\/comments?post=158263"}],"version-history":[{"count":1,"href":"https:\/\/www.caririemacao.com\/1\/wp-json\/wp\/v2\/posts\/158263\/revisions"}],"predecessor-version":[{"id":158265,"href":"https:\/\/www.caririemacao.com\/1\/wp-json\/wp\/v2\/posts\/158263\/revisions\/158265"}],"wp:featuredmedia":[{"embeddable":true,"href":"https:\/\/www.caririemacao.com\/1\/wp-json\/wp\/v2\/media\/158264"}],"wp:attachment":[{"href":"https:\/\/www.caririemacao.com\/1\/wp-json\/wp\/v2\/media?parent=158263"}],"wp:term":[{"taxonomy":"category","embeddable":true,"href":"https:\/\/www.caririemacao.com\/1\/wp-json\/wp\/v2\/categories?post=158263"},{"taxonomy":"post_tag","embeddable":true,"href":"https:\/\/www.caririemacao.com\/1\/wp-json\/wp\/v2\/tags?post=158263"}],"curies":[{"name":"wp","href":"https:\/\/api.w.org\/{rel}","templated":true}]}}