{"id":158270,"date":"2020-03-16T13:58:48","date_gmt":"2020-03-16T16:58:48","guid":{"rendered":"http:\/\/www.caririemacao.com\/1\/?p=158270"},"modified":"2020-03-16T13:58:50","modified_gmt":"2020-03-16T16:58:50","slug":"coronavirus-no-cariri-diretora-do-sintep-critica-continuidade-de-aulas-e-gerente-de-educacao-garante-que-medidas-serao-adotadas","status":"publish","type":"post","link":"https:\/\/www.caririemacao.com\/1\/2020\/03\/16\/coronavirus-no-cariri-diretora-do-sintep-critica-continuidade-de-aulas-e-gerente-de-educacao-garante-que-medidas-serao-adotadas\/","title":{"rendered":"CORONAV\u00cdRUS: No Cariri, diretora do Sintep critica continuidade de aulas e Gerente de Educa\u00e7\u00e3o garante que medidas ser\u00e3o adotadas"},"content":{"rendered":"\n<p>A Diretora do Sindicato dos Trabalhadores e Trabalhadoras em Educa\u00e7\u00e3o do Estado da Para\u00edba (Sintep-PB) na regi\u00e3o do Cariri Paraibano, Paula Sousa usou as redes sociais para entrar em defesa dos professores e alunos em meio a Pandemia do Coronav\u00edrus e o risco real da doen\u00e7a no estado.<\/p>\n\n\n\n<p>Segundo a sindicalista o Governo do Estado se protege da doen\u00e7a cancelando o Or\u00e7amento Democr\u00e1tico (OD), instrumento em que o Governador e seus auxiliares v\u00e3o at\u00e9 as regi\u00f5es ouvir as principais demandas da sociedade, mas mant\u00e9m a realiza\u00e7\u00e3o de aulas expondo alunos e professores ao risco do v\u00edrus que pode ser mortal.<\/p>\n\n\n\n<p>Diversos professores profissionais da \u00e1rea da educa\u00e7\u00e3o tamb\u00e9m refor\u00e7aram a preocupa\u00e7\u00e3o da sindicalista sobre o risco da doen\u00e7a, principalmente numa regi\u00e3o que faz divisa com o Pernambuco, estado que j\u00e1 contabiliza 8 casos confirmados e mais de uma centena de suspeitos. A Para\u00edba ainda n\u00e3o tem nenhum caso confirmado, mas conta com 28 suspeitos.<\/p>\n\n\n\n<p>A reportagem entrou em contato com o Gerente Regional de Ensino na regi\u00e3o do Cariri, Ary Prata, que revelou que at\u00e9 o momento n\u00e3o h\u00e1 nenhuma previs\u00e3o de paralisa\u00e7\u00e3o das aulas, mas que algumas medidas de preven\u00e7\u00e3o para os alunos e profissionais da educa\u00e7\u00e3o ser\u00e3o adotadas. Uma reuni\u00e3o que ocorrer\u00e1 ainda nesta segunda-feira (16) tra\u00e7ar\u00e1 as diretrizes de preven\u00e7\u00e3o que ser\u00e3o colocadas em pr\u00e1tica.<\/p>\n\n\n\n<p><em>Para\u00edba Mix<\/em><\/p>\n","protected":false},"excerpt":{"rendered":"<p>A Diretora do Sindicato dos Trabalhadores e Trabalhadoras em Educa\u00e7\u00e3o do Estado da Para\u00edba (Sintep-PB) na regi\u00e3o do Cariri Paraibano, Paula Sousa usou as redes&hellip; <\/p>\n","protected":false},"author":2,"featured_media":110393,"comment_status":"closed","ping_status":"closed","sticky":false,"template":"","format":"standard","meta":{"sfsi_plus_gutenberg_text_before_share":"","sfsi_plus_gutenberg_show_text_before_share":"","sfsi_plus_gutenberg_icon_type":"","sfsi_plus_gutenberg_icon_alignemt":"","sfsi_plus_gutenburg_max_per_row":"","footnotes":""},"categories":[14],"tags":[],"class_list":["post-158270","post","type-post","status-publish","format-standard","has-post-thumbnail","hentry","category-educacao"],"_links":{"self":[{"href":"https:\/\/www.caririemacao.com\/1\/wp-json\/wp\/v2\/posts\/158270","targetHints":{"allow":["GET"]}}],"collection":[{"href":"https:\/\/www.caririemacao.com\/1\/wp-json\/wp\/v2\/posts"}],"about":[{"href":"https:\/\/www.caririemacao.com\/1\/wp-json\/wp\/v2\/types\/post"}],"author":[{"embeddable":true,"href":"https:\/\/www.caririemacao.com\/1\/wp-json\/wp\/v2\/users\/2"}],"replies":[{"embeddable":true,"href":"https:\/\/www.caririemacao.com\/1\/wp-json\/wp\/v2\/comments?post=158270"}],"version-history":[{"count":1,"href":"https:\/\/www.caririemacao.com\/1\/wp-json\/wp\/v2\/posts\/158270\/revisions"}],"predecessor-version":[{"id":158271,"href":"https:\/\/www.caririemacao.com\/1\/wp-json\/wp\/v2\/posts\/158270\/revisions\/158271"}],"wp:featuredmedia":[{"embeddable":true,"href":"https:\/\/www.caririemacao.com\/1\/wp-json\/wp\/v2\/media\/110393"}],"wp:attachment":[{"href":"https:\/\/www.caririemacao.com\/1\/wp-json\/wp\/v2\/media?parent=158270"}],"wp:term":[{"taxonomy":"category","embeddable":true,"href":"https:\/\/www.caririemacao.com\/1\/wp-json\/wp\/v2\/categories?post=158270"},{"taxonomy":"post_tag","embeddable":true,"href":"https:\/\/www.caririemacao.com\/1\/wp-json\/wp\/v2\/tags?post=158270"}],"curies":[{"name":"wp","href":"https:\/\/api.w.org\/{rel}","templated":true}]}}