{"id":158277,"date":"2020-03-16T14:00:59","date_gmt":"2020-03-16T17:00:59","guid":{"rendered":"http:\/\/www.caririemacao.com\/1\/?p=158277"},"modified":"2020-03-16T14:01:01","modified_gmt":"2020-03-16T17:01:01","slug":"crianca-de-5-anos-e-seu-pai-sao-assassinados-a-facadas-na-paraiba","status":"publish","type":"post","link":"https:\/\/www.caririemacao.com\/1\/2020\/03\/16\/crianca-de-5-anos-e-seu-pai-sao-assassinados-a-facadas-na-paraiba\/","title":{"rendered":"Crian\u00e7a de 5 anos e seu pai s\u00e3o assassinados a facadas na Para\u00edba"},"content":{"rendered":"\n<p>Um menino de 5 anos e o seu pai foram assassinados a golpes de faca, na noite deste domingo (15), em uma fazenda na cidade de Riach\u00e3o do Po\u00e7o, na Para\u00edba. Al\u00e9m das v\u00edtimas,&nbsp; uma terceira pessoa tamb\u00e9m chegou a ser esfaqueada.<\/p>\n\n\n\n<p>De acordo com informa\u00e7\u00f5es, o suspeito de cometer o crime teria chegado na fazenda no s\u00e1bado. Ele e&nbsp;o pai da crian\u00e7a se desentenderam o que teria motivado o crime.<\/p>\n\n\n\n<p>A crian\u00e7a sofreu um golpe no pesco\u00e7o e o homem foi assassinado com mais de 20 facadas. Eles morreram ainda no local.<\/p>\n\n\n\n<p>A terceira v\u00edtima foi socorrida para a cidade de Sap\u00e9. O estado de sa\u00fade n\u00e3o foi divulgado.<\/p>\n\n\n\n<p>Ap\u00f3s cometer os crimes, o suspeito fugiu e at\u00e9 o momento n\u00e3o foi encontrado.&nbsp; A Pol\u00edcia segue a procura do homem.<\/p>\n\n\n\n<p><em>Click PB<\/em><\/p>\n","protected":false},"excerpt":{"rendered":"<p>Um menino de 5 anos e o seu pai foram assassinados a golpes de faca, na noite deste domingo (15), em uma fazenda na cidade&hellip; <\/p>\n","protected":false},"author":2,"featured_media":89112,"comment_status":"closed","ping_status":"closed","sticky":false,"template":"","format":"standard","meta":{"sfsi_plus_gutenberg_text_before_share":"","sfsi_plus_gutenberg_show_text_before_share":"","sfsi_plus_gutenberg_icon_type":"","sfsi_plus_gutenberg_icon_alignemt":"","sfsi_plus_gutenburg_max_per_row":"","footnotes":""},"categories":[12],"tags":[],"class_list":["post-158277","post","type-post","status-publish","format-standard","has-post-thumbnail","hentry","category-policia"],"_links":{"self":[{"href":"https:\/\/www.caririemacao.com\/1\/wp-json\/wp\/v2\/posts\/158277","targetHints":{"allow":["GET"]}}],"collection":[{"href":"https:\/\/www.caririemacao.com\/1\/wp-json\/wp\/v2\/posts"}],"about":[{"href":"https:\/\/www.caririemacao.com\/1\/wp-json\/wp\/v2\/types\/post"}],"author":[{"embeddable":true,"href":"https:\/\/www.caririemacao.com\/1\/wp-json\/wp\/v2\/users\/2"}],"replies":[{"embeddable":true,"href":"https:\/\/www.caririemacao.com\/1\/wp-json\/wp\/v2\/comments?post=158277"}],"version-history":[{"count":1,"href":"https:\/\/www.caririemacao.com\/1\/wp-json\/wp\/v2\/posts\/158277\/revisions"}],"predecessor-version":[{"id":158278,"href":"https:\/\/www.caririemacao.com\/1\/wp-json\/wp\/v2\/posts\/158277\/revisions\/158278"}],"wp:featuredmedia":[{"embeddable":true,"href":"https:\/\/www.caririemacao.com\/1\/wp-json\/wp\/v2\/media\/89112"}],"wp:attachment":[{"href":"https:\/\/www.caririemacao.com\/1\/wp-json\/wp\/v2\/media?parent=158277"}],"wp:term":[{"taxonomy":"category","embeddable":true,"href":"https:\/\/www.caririemacao.com\/1\/wp-json\/wp\/v2\/categories?post=158277"},{"taxonomy":"post_tag","embeddable":true,"href":"https:\/\/www.caririemacao.com\/1\/wp-json\/wp\/v2\/tags?post=158277"}],"curies":[{"name":"wp","href":"https:\/\/api.w.org\/{rel}","templated":true}]}}