{"id":158284,"date":"2020-03-16T14:03:51","date_gmt":"2020-03-16T17:03:51","guid":{"rendered":"http:\/\/www.caririemacao.com\/1\/?p=158284"},"modified":"2020-03-16T14:03:53","modified_gmt":"2020-03-16T17:03:53","slug":"sobe-para-oito-o-numero-de-casos-confirmados-do-novo-coronavirus-em-pernambuco","status":"publish","type":"post","link":"https:\/\/www.caririemacao.com\/1\/2020\/03\/16\/sobe-para-oito-o-numero-de-casos-confirmados-do-novo-coronavirus-em-pernambuco\/","title":{"rendered":"Sobe para oito o n\u00famero de casos confirmados do novo coronav\u00edrus em Pernambuco"},"content":{"rendered":"\n<p>Subiu para oito, neste domingo (15), o n\u00famero de casos confirmados do novo coronav\u00edrus em Pernambuco. Ao todo, segundo o governo do estado, s\u00e3o 127 notifica\u00e7\u00f5es, com 47 descartes, 61 suspeitas e 11 casos prov\u00e1veis. No s\u00e1bado (14), foi identificado o primeiro caso de transmiss\u00e3o local, que \u00e9 quando ainda \u00e9 poss\u00edvel detectar o paciente transmissor.<br><\/p>\n\n\n\n<p>O governo considera casos prov\u00e1veis as pessoas que tiveram contato direto com pacientes que tiveram o exame confirmado para coronav\u00edrus e que apresentaram sintomas da Covid-19. As informa\u00e7\u00f5es foram divulgadas no Pal\u00e1cio do Campo das Princesas, no Centro do Recife, durante reuni\u00e3o entre o governador Paulo C\u00e2mara (PSB) e o secretariado.<\/p>\n\n\n\n<p>Em rela\u00e7\u00e3o ao boletim divulgado no s\u00e1bado (14), houve o acr\u00e9scimo de um caso confirmado. Segundo o secret\u00e1rio de Sa\u00fade de Pernambuco, Andr\u00e9 Longo, se trata de mais um caso de transmiss\u00e3o que ocorreu fora do Brasil.<\/p>\n\n\n\n<p>\u201cEsse caso \u00e9 importado, de uma pessoa que passou por Fran\u00e7a e Espanha. \u00c9 uma mulher, de 58 anos, moradora do Recife. Ela est\u00e1 em isolamento domiciliar\u201d, afirmou o secret\u00e1rio.<\/p>\n\n\n\n<p>Ainda de acordo com Longo, um dos casos negativados neste domingo (15) foi o da irlandesa que estava a bordo do navio Silver Shadow, isolado no Porto do Recife depois que um idoso de 78 anos foi internado e teve o exame positivo para a Covid-19, doen\u00e7a causada pelo novo coronav\u00edrus.<\/p>\n\n\n\n<p>\u201cTamb\u00e9m est\u00e1vamos investigando o caso da empregada dom\u00e9stica do casal que viajou para a It\u00e1lia e teve exames confirmando o coronav\u00edrus. Ela [a dom\u00e9stica] testou negativo para o novo v\u00edrus, mas positivo para um antigo tipo de coronav\u00edrus, que n\u00e3o tem a ver com a Covid-19. Por causa disso, em sete dias, teremos que repetir\u201d, afirmou o secret\u00e1rio.<\/p>\n\n\n\n<p>De acordo com o governador Paulo C\u00e2mara, o aumento do n\u00famero de casos j\u00e1 era esperado. \u201cA gente est\u00e1 trabalhando num cen\u00e1rio de os casos, desde o primeiro, serem ampliados. N\u00e3o temos nenhum caso que n\u00e3o se saiba de onde veio a transmiss\u00e3o e s\u00f3 temos uma transmiss\u00e3o por contato com outra pessoa. Isso faz com que as medidas tenham algum alcance, mas fiquem, majoritariamente, restritas ao Recife\u201d, afirmou o governador.<\/p>\n\n\n\n<p>Desde a sexta-feira (13), Pernambuco tem realizado os pr\u00f3prios exames para diagnosticar o novo coronav\u00edrus. Foram enviados, pelo Minist\u00e9rio da Sa\u00fade, 240 kits de testagem r\u00e1pida e os profissionais foram capacitados para realizar o diagn\u00f3stico.<\/p>\n\n\n\n<p>\u201cNossa meta \u00e9 ampliar a testagem em Pernambuco. Temos acompanhado o crescimento da necessidade de mais exames e vamos repor os kits para que fiquemos preparados. Desde a sexta, j\u00e1 estamos fazendo os exames aqui e isso deu uma velocidade nos descartes. J\u00e1 estamos com oito casos confirmados e, com esses diagn\u00f3sticos, as a\u00e7\u00f5es poder\u00e3o acontecer de forma mais ordenada\u201d, declarou Paulo C\u00e2mara.<\/p>\n\n\n\n<p><strong>Aulas suspensas<\/strong><br><\/p>\n\n\n\n<p>Neste domingo (15), oito universidades e institui\u00e7\u00f5es de ensino t\u00e9cnico suspenderam as aulas. A medida ocorreu depois que a prefeitura do Recife decidiu suspender as aulas a partir da quarta-feira na rede municipal.<\/p>\n\n\n\n<p>O secret\u00e1rio Andr\u00e9 Longo afirmou que, na rede estadual, a recomenda\u00e7\u00e3o \u00e9 de seguir a recomenda\u00e7\u00e3o da autoridade sanit\u00e1ria municipal.<\/p>\n\n\n\n<p>\u201cAs escolas estaduais do Recife tamb\u00e9m fechar\u00e3o, porque o Sistema \u00danico de Sa\u00fade tem seus n\u00edveis de hierarquia e a autoridade sanit\u00e1ria do Recife decidiu pela interrup\u00e7\u00e3o das aulas, o que o estado vai seguir. N\u00e3o vemos ainda nenhum respaldo t\u00e9cnico para interromper as aulas fora do Recife. Estamos avaliando isso todos os dias, mas n\u00e3o tem sentido nenhum interromper as aulas onde sequer teve um caso suspeito\u201d, declarou Andr\u00e9 Longo.<\/p>\n\n\n\n<p>Participaram da reuni\u00e3o com o governador os 27 secret\u00e1rios estaduais. Na segunda-feira (16), haver\u00e1 uma reuni\u00e3o com os prefeitos das 15 cidades do Grande Recife, com a Associa\u00e7\u00e3o Municipalista de Pernambuco (Amupe) e com a Companhia Pernambucana de Saneamento (Compesa) sobre o coronav\u00edrus.<\/p>\n\n\n\n<p><strong>Universidades<\/strong><br><\/p>\n\n\n\n<p>Universidades e institui\u00e7\u00f5es de ensino t\u00e9cnico p\u00fablicos de Pernambuco decidiram suspender as aulas, a partir de segunda-feira (16), devido \u00e0 pandemia mundial. O an\u00fancio foi feito durante reuni\u00e3o no Recife. Tamb\u00e9m esteve presente a Universidade Cat\u00f3lica de Pernambuco (Unicap), que, apesar de privada, seguiu a decis\u00e3o.<\/p>\n\n\n\n<p>A previs\u00e3o de reavalia\u00e7\u00e3o da suspens\u00e3o \u00e9 para o dia 31 de mar\u00e7o. A decis\u00e3o afeta a Universidade de Pernambuco (UPE), a Universidade Federal de Pernambuco (UFPE), Universidade Federal Rural de Pernambuco (UFRPE), Universidade Federal do Vale do S\u00e3o Francisco (Univasf), Universidade Federal do Agreste de Pernambuco (Ufape), Universidade Cat\u00f3lica de Pernambuco (Unicap) e Instituto Federal de Pernambuco (IFPE) e o Instituto Federal do Sert\u00e3o Pernambucano (IF Sert\u00e3o).<\/p>\n\n\n\n<p><strong>Rede municipal<\/strong><br><\/p>\n\n\n\n<p>Ainda neste domingo (15), a prefeitura do Recife anunciou a suspens\u00e3o das aulas na rede municipal e determinou que escolas e faculdades privadas tamb\u00e9m suspendam as atividades, a partir da quarta-feira (18). A medida \u00e9 uma das dez a\u00e7\u00f5es anunciadas pela prefeitura para o plano de conting\u00eancia contra o coronav\u00edrus (veja v\u00eddeo acima).<\/p>\n\n\n\n<p>O prefeito Geraldo J\u00falio (PSB) tamb\u00e9m informou que, para garantir a alimenta\u00e7\u00e3o dos estudantes da rede municipal, os pais e respons\u00e1veis poder\u00e3o recolher, nas escolas, kits de alimenta\u00e7\u00e3o, semanalmente distribu\u00eddos.<\/p>\n\n\n\n<p><strong>Cruzeiros, voos e eventos<\/strong><br><\/p>\n\n\n\n<p>O prefeito do Recife tamb\u00e9m informou que vai solicitar \u00e0 Ag\u00eancia Nacional de Vigil\u00e2ncia Sanit\u00e1ria (Anvisa) o cancelamento de todos os voos internacionais para o Aeroporto Internacional dos Guararapes\/Gilberto Freyre, na Zona Sul, a partir da sexta (20).<\/p>\n\n\n\n<p>No s\u00e1bado (14), o governo de Pernambuco publicou um decreto que pro\u00edbe a realiza\u00e7\u00e3o de eventos com p\u00fablico maior que 500 pessoas no estado. Tamb\u00e9m anunciou o adiamento da Paix\u00e3o de Cristo de Nova Jerusal\u00e9m, em Brejo da Madre de Deus, no Agreste, que passou para o per\u00edodo de 2 a 7 de setembro de 2020. Jogos de futebol ser\u00e3o realizados com port\u00f5es fechados.<\/p>\n\n\n\n<p>Desde a sexta (13), o governo tamb\u00e9m proibiu a atraca\u00e7\u00e3o de cruzeiros, por causa dos dois passageiros internados com suspeita da Covid-19. Um deles, um idoso de 78 anos, teve o diagn\u00f3stico confirmado no s\u00e1bado.<\/p>\n\n\n\n<p><strong>Navio retido<\/strong><br><\/p>\n\n\n\n<p>O navio de cruzeiro Silver Shadow, de bandeira bahamenha e com 609 pessoas a bordo, est\u00e1 retido no Porto do Recife desde a quinta-feira (12), quando um passageiro foi retirado da embarca\u00e7\u00e3o com sintomas do novo coronav\u00edrus. O canadense, de 78 anos, \u00e9 um dos casos confirmados no estado, no s\u00e1bado. Ele est\u00e1 internado no Hospital Portugu\u00eas, na \u00e1rea central do Recife.<\/p>\n\n\n\n<p>Outra passageira do navio, uma irlandesa, ainda aguarda, na mesma unidade hospitalar, o resultado do exame. Ela teve febre e dificuldade para respirar. Na embarca\u00e7\u00e3o est\u00e3o, de acordo com o governo do estado, dez brasileiros. Entre os viajantes, h\u00e1 alem\u00e3es, americanos, canadenses, ingleses e australianos, totalizando 18 nacionalidades.<\/p>\n\n\n\n<p>No s\u00e1bado (14), a Anvisa inspecionou o navio e n\u00e3o registrou novos casos suspeitos de coronav\u00edrus. Segundo declara\u00e7\u00e3o do coordenador regional da Anvisa, Olimar Cardoso dos Santos, no s\u00e1bado, tratativas est\u00e3o sendo realizadas para saber qual ser\u00e1 o procedimento adotado para o navio.<\/p>\n","protected":false},"excerpt":{"rendered":"<p>Subiu para oito, neste domingo (15), o n\u00famero de casos confirmados do novo coronav\u00edrus em Pernambuco. Ao todo, segundo o governo do estado, s\u00e3o 127&hellip; <\/p>\n","protected":false},"author":2,"featured_media":158285,"comment_status":"closed","ping_status":"closed","sticky":false,"template":"","format":"standard","meta":{"sfsi_plus_gutenberg_text_before_share":"","sfsi_plus_gutenberg_show_text_before_share":"","sfsi_plus_gutenberg_icon_type":"","sfsi_plus_gutenberg_icon_alignemt":"","sfsi_plus_gutenburg_max_per_row":"","footnotes":""},"categories":[16],"tags":[],"class_list":["post-158284","post","type-post","status-publish","format-standard","has-post-thumbnail","hentry","category-saude"],"_links":{"self":[{"href":"https:\/\/www.caririemacao.com\/1\/wp-json\/wp\/v2\/posts\/158284","targetHints":{"allow":["GET"]}}],"collection":[{"href":"https:\/\/www.caririemacao.com\/1\/wp-json\/wp\/v2\/posts"}],"about":[{"href":"https:\/\/www.caririemacao.com\/1\/wp-json\/wp\/v2\/types\/post"}],"author":[{"embeddable":true,"href":"https:\/\/www.caririemacao.com\/1\/wp-json\/wp\/v2\/users\/2"}],"replies":[{"embeddable":true,"href":"https:\/\/www.caririemacao.com\/1\/wp-json\/wp\/v2\/comments?post=158284"}],"version-history":[{"count":1,"href":"https:\/\/www.caririemacao.com\/1\/wp-json\/wp\/v2\/posts\/158284\/revisions"}],"predecessor-version":[{"id":158286,"href":"https:\/\/www.caririemacao.com\/1\/wp-json\/wp\/v2\/posts\/158284\/revisions\/158286"}],"wp:featuredmedia":[{"embeddable":true,"href":"https:\/\/www.caririemacao.com\/1\/wp-json\/wp\/v2\/media\/158285"}],"wp:attachment":[{"href":"https:\/\/www.caririemacao.com\/1\/wp-json\/wp\/v2\/media?parent=158284"}],"wp:term":[{"taxonomy":"category","embeddable":true,"href":"https:\/\/www.caririemacao.com\/1\/wp-json\/wp\/v2\/categories?post=158284"},{"taxonomy":"post_tag","embeddable":true,"href":"https:\/\/www.caririemacao.com\/1\/wp-json\/wp\/v2\/tags?post=158284"}],"curies":[{"name":"wp","href":"https:\/\/api.w.org\/{rel}","templated":true}]}}