{"id":158294,"date":"2020-03-16T14:59:57","date_gmt":"2020-03-16T17:59:57","guid":{"rendered":"http:\/\/www.caririemacao.com\/1\/?p=158294"},"modified":"2020-03-16T14:59:58","modified_gmt":"2020-03-16T17:59:58","slug":"joao-azevedo-anuncia-mudancas-no-calendario-escolar-como-forma-de-previnir-pandemia-do-coronavirus","status":"publish","type":"post","link":"https:\/\/www.caririemacao.com\/1\/2020\/03\/16\/joao-azevedo-anuncia-mudancas-no-calendario-escolar-como-forma-de-previnir-pandemia-do-coronavirus\/","title":{"rendered":"Jo\u00e3o Azev\u00eado anuncia mudan\u00e7as no calend\u00e1rio escolar como forma de previnir pandemia do coronav\u00edrus"},"content":{"rendered":"\n<div class=\"wp-block-image\"><figure class=\"aligncenter\"><img decoding=\"async\" data-src=\"http:\/\/deolhonocariri.com.br\/wp-content\/uploads\/2020\/03\/joao_azevedo_em_reuniao_sobre_oleo_das_praias_-_walla_santos.jpeg\" alt=\"\" class=\"wp-image-79245 lazyload\" src=\"data:image\/svg+xml;base64,PHN2ZyB3aWR0aD0iMSIgaGVpZ2h0PSIxIiB4bWxucz0iaHR0cDovL3d3dy53My5vcmcvMjAwMC9zdmciPjwvc3ZnPg==\" \/><\/figure><\/div>\n\n\n\n<p>O governador Jo\u00e3o Azev\u00eado (Cidadania) disse durante o programa Fala Governador, na R\u00e1dio Tabajara, nesta segunda-feira (16), que a gest\u00e3o tomar\u00e1 novas medidas para combater o novo coronav\u00edrus. Segundo o gestor, entre as principais est\u00e1 a mudan\u00e7a no calend\u00e1rio escolar.&nbsp;A Para\u00edba tem, at\u00e9 esta segunda, 39 casos notificados, dos quais 11 foram descartados e 28 seguem em investiga\u00e7\u00e3o.<\/p>\n\n\n\n<p>\u201cIremos anunciar nesta ter\u00e7a-feira quais ser\u00e3o as mudan\u00e7as que a&nbsp;Secretaria de Educa\u00e7\u00e3o tomar\u00e1, mas j\u00e1 sabemos que haver\u00e1 um&nbsp;novo calend\u00e1rio escolar para as escolas e institui\u00e7\u00f5es de ensino\u201d, explicou.<\/p>\n\n\n\n<p>Jo\u00e3o ainda destacou a import\u00e2ncia de se manter uma s\u00e9rie de cuidados para que se evite as contamina\u00e7\u00f5es. \u201cA&nbsp;recomenda\u00e7\u00e3o do Estado \u00e9 que n\u00e3o haja agenda p\u00fablica para evitar aglomera\u00e7\u00e3o de pessoas, como em igrejas, teatros e shows. Se tudo ocorrer com esse cuidado, iremos ter \u00eaxito\u201d, avaliou.<\/p>\n\n\n\n<p>Todos os eventos do Estado, como inaugura\u00e7\u00e3o e solenidades est\u00e3o suspensos.&nbsp;Tamb\u00e9m foram canceladas, por dois meses, as f\u00e9rias para profissionais de sa\u00fade que trabalham no governo.<\/p>\n\n\n\n<p>\u201cQuanto mais se evitar aglomera\u00e7\u00e3o, as pessoas n\u00e3o tendo contato, voc\u00ea evitar\u00e1 essa contamina\u00e7\u00e3o acontecer. \u00c9 essa a preocupa\u00e7\u00e3o. Qualquer cidad\u00e3o que tenha sintoma, deve ligar e receber orienta\u00e7\u00e3o. N\u00e3o precisa se dirigir. Caso comece ocorrer febre ou falta de ar, a\u00ed sim ele deve procurar uma unidade de sa\u00fade ou hospital. \u00c9 nesse momento que pode se transformar pneumonia e levar pessoas a \u00f3bito. ,\u00c9 importante entender que estamos nos preparamos, a Para\u00edba est\u00e1 preparada, temos mais de 500 equipamentos de respira\u00e7\u00e3o para dar suporte em caso de necessidades e isso vai dar o suporte necess\u00e1rio\u201d, disse.<\/p>\n\n\n\n<p><em>Click PB<\/em><\/p>\n","protected":false},"excerpt":{"rendered":"<p>O governador Jo\u00e3o Azev\u00eado (Cidadania) disse durante o programa Fala Governador, na R\u00e1dio Tabajara, nesta segunda-feira (16), que a gest\u00e3o tomar\u00e1 novas medidas para combater&hellip; <\/p>\n","protected":false},"author":2,"featured_media":139520,"comment_status":"closed","ping_status":"closed","sticky":false,"template":"","format":"standard","meta":{"sfsi_plus_gutenberg_text_before_share":"","sfsi_plus_gutenberg_show_text_before_share":"","sfsi_plus_gutenberg_icon_type":"","sfsi_plus_gutenberg_icon_alignemt":"","sfsi_plus_gutenburg_max_per_row":"","footnotes":""},"categories":[11],"tags":[],"class_list":["post-158294","post","type-post","status-publish","format-standard","has-post-thumbnail","hentry","category-politica"],"_links":{"self":[{"href":"https:\/\/www.caririemacao.com\/1\/wp-json\/wp\/v2\/posts\/158294","targetHints":{"allow":["GET"]}}],"collection":[{"href":"https:\/\/www.caririemacao.com\/1\/wp-json\/wp\/v2\/posts"}],"about":[{"href":"https:\/\/www.caririemacao.com\/1\/wp-json\/wp\/v2\/types\/post"}],"author":[{"embeddable":true,"href":"https:\/\/www.caririemacao.com\/1\/wp-json\/wp\/v2\/users\/2"}],"replies":[{"embeddable":true,"href":"https:\/\/www.caririemacao.com\/1\/wp-json\/wp\/v2\/comments?post=158294"}],"version-history":[{"count":1,"href":"https:\/\/www.caririemacao.com\/1\/wp-json\/wp\/v2\/posts\/158294\/revisions"}],"predecessor-version":[{"id":158295,"href":"https:\/\/www.caririemacao.com\/1\/wp-json\/wp\/v2\/posts\/158294\/revisions\/158295"}],"wp:featuredmedia":[{"embeddable":true,"href":"https:\/\/www.caririemacao.com\/1\/wp-json\/wp\/v2\/media\/139520"}],"wp:attachment":[{"href":"https:\/\/www.caririemacao.com\/1\/wp-json\/wp\/v2\/media?parent=158294"}],"wp:term":[{"taxonomy":"category","embeddable":true,"href":"https:\/\/www.caririemacao.com\/1\/wp-json\/wp\/v2\/categories?post=158294"},{"taxonomy":"post_tag","embeddable":true,"href":"https:\/\/www.caririemacao.com\/1\/wp-json\/wp\/v2\/tags?post=158294"}],"curies":[{"name":"wp","href":"https:\/\/api.w.org\/{rel}","templated":true}]}}