{"id":158301,"date":"2020-03-17T07:08:52","date_gmt":"2020-03-17T10:08:52","guid":{"rendered":"http:\/\/www.caririemacao.com\/1\/?p=158301"},"modified":"2020-03-17T07:08:54","modified_gmt":"2020-03-17T10:08:54","slug":"covid-19-confederacoes-esportivas-suspendem-atividades-pelo-pais","status":"publish","type":"post","link":"https:\/\/www.caririemacao.com\/1\/2020\/03\/17\/covid-19-confederacoes-esportivas-suspendem-atividades-pelo-pais\/","title":{"rendered":"Covid-19 &#8211; Confedera\u00e7\u00f5es esportivas suspendem atividades pelo pa\u00eds"},"content":{"rendered":"\n<p> Diante da pandemia do novo coronav\u00edrus (Covid-19) que se alastra pelo pa\u00eds, as Confedera\u00e7\u00f5es Brasileiras de Automobilismo (CBA) e de Desportos Aqu\u00e1ticos (CBDA) suspenderam a partir de hoje (16) todos os eventos e atividades em territ\u00f3rio nacional. Segundo os dados mais recentes do Minist\u00e9rio da Sa\u00fade (MS), divulgados ontem (15), o Brasil registra 200 casos confirmados de Covid-19 e outros 1.913 suspeitos.<\/p>\n\n\n\n<p>A CBA publicou um&nbsp;<a href=\"http:\/\/www.cba.org.br\/noticias\/noticiasinfo\/1552\/comunicado-\">comunicado oficial&nbsp;<\/a>em seu site anunciando a paralisa\u00e7\u00e3o de todas as provas automobil\u00edsticas no pa\u00eds por tempo indeterminado. A entidade afmou que a resolu\u00e7\u00e3o levou em conta as recomenda\u00e7\u00f5es do MS e das Secretarias Estaduais da Sa\u00fade, e tem como objetivo evitar a exposi\u00e7\u00e3o &nbsp;de todos que trabalham com a modalidade e o p\u00fablico em geral.<\/p>\n\n\n\n<p>Na mesma linha, a CBDA divulgou&nbsp;<a href=\"https:\/\/novo.cbda.org.br\/noticia\/leitura\/19384\/nota-oficial-suspensao-do-calendario-nacional\">nota oficial<\/a>&nbsp;em seu site, determinando a suspens\u00e3o do calend\u00e1rio de competi\u00e7\u00f5es nacionais e regionais, por 21 dias, como forma de conter a expans\u00e3o do Covid-19. &nbsp;As competi\u00e7\u00f5es&nbsp;programadas at\u00e9 6 de abril ter\u00e3o novas datas de realiza\u00e7\u00e3o, ainda a ser definidas.&nbsp;<\/p>\n\n\n\n<p>Ontem (15) a Confedera\u00e7\u00e3o Brasileira de Hipismo (CBH) tamb\u00e9m publicou comunicado cancelando eventos chancelados pela entidade &#8211; a partir desta segunda-feira (16) at\u00e9 o pr\u00f3ximo dia 31 de mar\u00e7o &#8211; com o objetivo de limitar a dispers\u00e3o do novo coronav\u00edrus. &nbsp;A CBH tamb\u00e9m ressaltou no documento que \u201cdesencoraja a realiza\u00e7\u00e3o de evento h\u00edpicos neste per\u00edodo\u201d e fez uma s\u00e9rie de recomenda\u00e7\u00f5es \u00e0s institui\u00e7\u00f5es que mantiverem as disputas sem chancela da entidade. Confira&nbsp;<a href=\"http:\/\/www.cbh.org.br\/index.php\/noticias-geral\/8811-cbh-cancela-eventos-chancelados-de-16-03-2020-a-31-03-2020.html\">aqui<\/a>.<\/p>\n","protected":false},"excerpt":{"rendered":"<p>Diante da pandemia do novo coronav\u00edrus (Covid-19) que se alastra pelo pa\u00eds, as Confedera\u00e7\u00f5es Brasileiras de Automobilismo (CBA) e de Desportos Aqu\u00e1ticos (CBDA) suspenderam a&hellip; <\/p>\n","protected":false},"author":2,"featured_media":158302,"comment_status":"closed","ping_status":"closed","sticky":false,"template":"","format":"standard","meta":{"sfsi_plus_gutenberg_text_before_share":"","sfsi_plus_gutenberg_show_text_before_share":"","sfsi_plus_gutenberg_icon_type":"","sfsi_plus_gutenberg_icon_alignemt":"","sfsi_plus_gutenburg_max_per_row":"","footnotes":""},"categories":[2],"tags":[],"class_list":["post-158301","post","type-post","status-publish","format-standard","has-post-thumbnail","hentry","category-geral"],"_links":{"self":[{"href":"https:\/\/www.caririemacao.com\/1\/wp-json\/wp\/v2\/posts\/158301","targetHints":{"allow":["GET"]}}],"collection":[{"href":"https:\/\/www.caririemacao.com\/1\/wp-json\/wp\/v2\/posts"}],"about":[{"href":"https:\/\/www.caririemacao.com\/1\/wp-json\/wp\/v2\/types\/post"}],"author":[{"embeddable":true,"href":"https:\/\/www.caririemacao.com\/1\/wp-json\/wp\/v2\/users\/2"}],"replies":[{"embeddable":true,"href":"https:\/\/www.caririemacao.com\/1\/wp-json\/wp\/v2\/comments?post=158301"}],"version-history":[{"count":1,"href":"https:\/\/www.caririemacao.com\/1\/wp-json\/wp\/v2\/posts\/158301\/revisions"}],"predecessor-version":[{"id":158303,"href":"https:\/\/www.caririemacao.com\/1\/wp-json\/wp\/v2\/posts\/158301\/revisions\/158303"}],"wp:featuredmedia":[{"embeddable":true,"href":"https:\/\/www.caririemacao.com\/1\/wp-json\/wp\/v2\/media\/158302"}],"wp:attachment":[{"href":"https:\/\/www.caririemacao.com\/1\/wp-json\/wp\/v2\/media?parent=158301"}],"wp:term":[{"taxonomy":"category","embeddable":true,"href":"https:\/\/www.caririemacao.com\/1\/wp-json\/wp\/v2\/categories?post=158301"},{"taxonomy":"post_tag","embeddable":true,"href":"https:\/\/www.caririemacao.com\/1\/wp-json\/wp\/v2\/tags?post=158301"}],"curies":[{"name":"wp","href":"https:\/\/api.w.org\/{rel}","templated":true}]}}