{"id":158305,"date":"2020-03-17T07:10:54","date_gmt":"2020-03-17T10:10:54","guid":{"rendered":"http:\/\/www.caririemacao.com\/1\/?p=158305"},"modified":"2020-03-17T07:11:30","modified_gmt":"2020-03-17T10:11:30","slug":"chuvas-em-sao-sebastiao-do-umbuzeiro-fazem-rio-transbordar-veja-fotos-e-videos","status":"publish","type":"post","link":"https:\/\/www.caririemacao.com\/1\/2020\/03\/17\/chuvas-em-sao-sebastiao-do-umbuzeiro-fazem-rio-transbordar-veja-fotos-e-videos\/","title":{"rendered":"Chuvas em S\u00e3o Sebasti\u00e3o do Umbuzeiro fazem Rio transbordar; veja fotos e v\u00eddeos"},"content":{"rendered":"\n<h1 class=\"wp-block-heading\"><a href=\"https:\/\/telegram.me\/share\/url?url=https:\/\/www.portaltvcariri.com.br\/chuvas-em-sao-sebastiao-do-umbuzeiro-fazem-rio-transbordar-veja-fotos-e-videos\/&amp;text=Chuvas+em+S%C3%A3o+Sebasti%C3%A3o+do+Umbuzeiro+fazem+Rio+transbordar%3B+veja+fotos+e+v%C3%ADdeos\"><\/a><\/h1>\n\n\n\n<figure class=\"wp-block-image\"><a href=\"https:\/\/www.portaltvcariri.com.br\/wp-content\/uploads\/2020\/03\/WhatsApp-Image-2020-03-16-at-07.45.04-1.jpeg\"><img decoding=\"async\" data-src=\"https:\/\/www.portaltvcariri.com.br\/wp-content\/uploads\/2020\/03\/WhatsApp-Image-2020-03-16-at-07.45.04-1-696x522.jpeg\" alt=\"\" src=\"data:image\/svg+xml;base64,PHN2ZyB3aWR0aD0iMSIgaGVpZ2h0PSIxIiB4bWxucz0iaHR0cDovL3d3dy53My5vcmcvMjAwMC9zdmciPjwvc3ZnPg==\" class=\"lazyload\" style=\"--smush-placeholder-width: 696px; --smush-placeholder-aspect-ratio: 696\/522;\" \/><\/a><\/figure>\n\n\n\n<p>A cidade de S\u00e3o Sebasti\u00e3o do Umbuzeiro registrou um grande volume de chuva na noite deste domingo (15) fazendo com que o Rio Umbuzeiro que nasce no sitio Monteirinho, zona rural da cidade, transbordasse, de acordo com informa\u00e7\u00f5es obtidas foram registrados 75,9mm, nas primeiras horas da manh\u00e3 desta segunda-feira (16) as lentes espertas do nosso amigo e blogueiro, Didi Milton, capturaram imagens que voc\u00ea confere a seguir:<\/p>\n\n\n\n<p><a href=\"https:\/\/www.facebook.com\/portaltvcariri\/videos\/3823629454321357\/\">Chuvas em S\u00e3o Sebasti\u00e3o do Umbuzeiro fazem Rio transbordar<\/a><ins><\/ins><\/p>\n\n\n\n<p>Chuvas em S\u00e3o Sebasti\u00e3o do Umbuzeiro fazem Rio transbordar, veja no video de Milton Didi Milton<\/p>\n\n\n\n<p>Posted by&nbsp;<a href=\"https:\/\/www.facebook.com\/portaltvcariri\/\">Portal TV Cariri<\/a>&nbsp;on Monday, March 16, 2020<\/p>\n\n\n\n<div class=\"wp-block-image\"><figure class=\"aligncenter\"><a href=\"https:\/\/www.portaltvcariri.com.br\/chuvas-em-sao-sebastiao-do-umbuzeiro-fazem-rio-transbordar-veja-fotos-e-videos\/whatsapp-image-2020-03-16-at-07-45-03\/\"><img decoding=\"async\" data-src=\"https:\/\/www.portaltvcariri.com.br\/wp-content\/uploads\/2020\/03\/WhatsApp-Image-2020-03-16-at-07.45.03.jpeg\" alt=\"WhatsApp Image 2020-03-16 at 07.45.03\" class=\"wp-image-108000 lazyload\" src=\"data:image\/svg+xml;base64,PHN2ZyB3aWR0aD0iMSIgaGVpZ2h0PSIxIiB4bWxucz0iaHR0cDovL3d3dy53My5vcmcvMjAwMC9zdmciPjwvc3ZnPg==\" \/><\/a><\/figure><\/div>\n\n\n\n<div class=\"wp-block-image\"><figure class=\"aligncenter\"><a href=\"https:\/\/www.portaltvcariri.com.br\/chuvas-em-sao-sebastiao-do-umbuzeiro-fazem-rio-transbordar-veja-fotos-e-videos\/whatsapp-image-2020-03-16-at-07-45-03-1\/\"><img decoding=\"async\" data-src=\"https:\/\/www.portaltvcariri.com.br\/wp-content\/uploads\/2020\/03\/WhatsApp-Image-2020-03-16-at-07.45.03-1.jpeg\" alt=\"WhatsApp Image 2020-03-16 at 07.45.03 (1)\" class=\"wp-image-108001 lazyload\" src=\"data:image\/svg+xml;base64,PHN2ZyB3aWR0aD0iMSIgaGVpZ2h0PSIxIiB4bWxucz0iaHR0cDovL3d3dy53My5vcmcvMjAwMC9zdmciPjwvc3ZnPg==\" \/><\/a><\/figure><\/div>\n\n\n\n<div class=\"wp-block-image\"><figure class=\"aligncenter\"><a href=\"https:\/\/www.portaltvcariri.com.br\/chuvas-em-sao-sebastiao-do-umbuzeiro-fazem-rio-transbordar-veja-fotos-e-videos\/whatsapp-image-2020-03-16-at-07-45-04\/\"><img decoding=\"async\" data-src=\"https:\/\/www.portaltvcariri.com.br\/wp-content\/uploads\/2020\/03\/WhatsApp-Image-2020-03-16-at-07.45.04.jpeg\" alt=\"WhatsApp Image 2020-03-16 at 07.45.04\" class=\"wp-image-108002 lazyload\" src=\"data:image\/svg+xml;base64,PHN2ZyB3aWR0aD0iMSIgaGVpZ2h0PSIxIiB4bWxucz0iaHR0cDovL3d3dy53My5vcmcvMjAwMC9zdmciPjwvc3ZnPg==\" \/><\/a><\/figure><\/div>\n","protected":false},"excerpt":{"rendered":"<p>A cidade de S\u00e3o Sebasti\u00e3o do Umbuzeiro registrou um grande volume de chuva na noite deste domingo (15) fazendo com que o Rio Umbuzeiro que&hellip; <\/p>\n","protected":false},"author":2,"featured_media":158306,"comment_status":"closed","ping_status":"closed","sticky":false,"template":"","format":"standard","meta":{"sfsi_plus_gutenberg_text_before_share":"","sfsi_plus_gutenberg_show_text_before_share":"","sfsi_plus_gutenberg_icon_type":"","sfsi_plus_gutenberg_icon_alignemt":"","sfsi_plus_gutenburg_max_per_row":"","footnotes":""},"categories":[50,2],"tags":[],"class_list":["post-158305","post","type-post","status-publish","format-standard","has-post-thumbnail","hentry","category-destaque","category-geral"],"_links":{"self":[{"href":"https:\/\/www.caririemacao.com\/1\/wp-json\/wp\/v2\/posts\/158305","targetHints":{"allow":["GET"]}}],"collection":[{"href":"https:\/\/www.caririemacao.com\/1\/wp-json\/wp\/v2\/posts"}],"about":[{"href":"https:\/\/www.caririemacao.com\/1\/wp-json\/wp\/v2\/types\/post"}],"author":[{"embeddable":true,"href":"https:\/\/www.caririemacao.com\/1\/wp-json\/wp\/v2\/users\/2"}],"replies":[{"embeddable":true,"href":"https:\/\/www.caririemacao.com\/1\/wp-json\/wp\/v2\/comments?post=158305"}],"version-history":[{"count":2,"href":"https:\/\/www.caririemacao.com\/1\/wp-json\/wp\/v2\/posts\/158305\/revisions"}],"predecessor-version":[{"id":158308,"href":"https:\/\/www.caririemacao.com\/1\/wp-json\/wp\/v2\/posts\/158305\/revisions\/158308"}],"wp:featuredmedia":[{"embeddable":true,"href":"https:\/\/www.caririemacao.com\/1\/wp-json\/wp\/v2\/media\/158306"}],"wp:attachment":[{"href":"https:\/\/www.caririemacao.com\/1\/wp-json\/wp\/v2\/media?parent=158305"}],"wp:term":[{"taxonomy":"category","embeddable":true,"href":"https:\/\/www.caririemacao.com\/1\/wp-json\/wp\/v2\/categories?post=158305"},{"taxonomy":"post_tag","embeddable":true,"href":"https:\/\/www.caririemacao.com\/1\/wp-json\/wp\/v2\/tags?post=158305"}],"curies":[{"name":"wp","href":"https:\/\/api.w.org\/{rel}","templated":true}]}}