{"id":158310,"date":"2020-03-17T07:13:58","date_gmt":"2020-03-17T10:13:58","guid":{"rendered":"http:\/\/www.caririemacao.com\/1\/?p=158310"},"modified":"2020-03-17T07:14:01","modified_gmt":"2020-03-17T10:14:01","slug":"por-coronavirus-bancos-suspendem-pagamento-de-divida-por-ate-60-dias","status":"publish","type":"post","link":"https:\/\/www.caririemacao.com\/1\/2020\/03\/17\/por-coronavirus-bancos-suspendem-pagamento-de-divida-por-ate-60-dias\/","title":{"rendered":"Por coronav\u00edrus, bancos suspendem pagamento de d\u00edvida por at\u00e9 60 dias"},"content":{"rendered":"\n<p>Em decorr\u00eancia da prolifera\u00e7\u00e3o do coronav\u00edrus, a Federa\u00e7\u00e3o Brasileira de Bancos (FEBRABAN) informou, por meio de nota nesta segunda-feira (16), que os bancos poder\u00e3o prorrogar por at\u00e9 60 dias os vencimentos de d\u00edvidas de clientes.<\/p>\n\n\n\n<p><strong>Confira a nota:&nbsp;<\/strong><\/p>\n\n\n\n<p><em>A Federa\u00e7\u00e3o Brasileira de Bancos \u2013 FEBRABAN \u2013 e seus bancos associados, sens\u00edveis ao momento de preocupa\u00e7\u00e3o dos brasileiros com a doen\u00e7a provocada pelo novo Coronav\u00edrus, v\u00eam discutindo propostas para amenizar os efeitos negativos dessa pandemia no emprego e na renda. Entendem que se trata de um choque profundo, mas de natureza essencialmente transit\u00f3ria.<\/em><\/p>\n\n\n\n<p><em>Os bancos est\u00e3o engajados em continuar colaborando com o Pa\u00eds com medidas de est\u00edmulo \u00e0 economia. Nesse sentido, os cinco maiores bancos associados, Banco do Brasil, Bradesco, Caixa, Ita\u00fa Unibanco e Santander est\u00e3o abertos e comprometidos em atender pedidos de prorroga\u00e7\u00e3o, por 60 dias, dos vencimentos de d\u00edvidas de Clientes Pessoas F\u00edsicas e Micro e Pequenas empresas para os contratos vigentes em dia e limitados aos valores j\u00e1 utilizados.<\/em><\/p>\n\n\n\n<p><em>A Rede Banc\u00e1ria e seus canais de atendimento ficar\u00e3o \u00e0 disposi\u00e7\u00e3o do p\u00fablico e prontos para apoiar todos os que estejam enfrentando dificuldades moment\u00e2neas em fun\u00e7\u00e3o do atual contexto.<\/em><\/p>\n","protected":false},"excerpt":{"rendered":"<p>Em decorr\u00eancia da prolifera\u00e7\u00e3o do coronav\u00edrus, a Federa\u00e7\u00e3o Brasileira de Bancos (FEBRABAN) informou, por meio de nota nesta segunda-feira (16), que os bancos poder\u00e3o prorrogar&hellip; <\/p>\n","protected":false},"author":2,"featured_media":154513,"comment_status":"closed","ping_status":"closed","sticky":false,"template":"","format":"standard","meta":{"sfsi_plus_gutenberg_text_before_share":"","sfsi_plus_gutenberg_show_text_before_share":"","sfsi_plus_gutenberg_icon_type":"","sfsi_plus_gutenberg_icon_alignemt":"","sfsi_plus_gutenburg_max_per_row":"","footnotes":""},"categories":[2],"tags":[],"class_list":["post-158310","post","type-post","status-publish","format-standard","has-post-thumbnail","hentry","category-geral"],"_links":{"self":[{"href":"https:\/\/www.caririemacao.com\/1\/wp-json\/wp\/v2\/posts\/158310","targetHints":{"allow":["GET"]}}],"collection":[{"href":"https:\/\/www.caririemacao.com\/1\/wp-json\/wp\/v2\/posts"}],"about":[{"href":"https:\/\/www.caririemacao.com\/1\/wp-json\/wp\/v2\/types\/post"}],"author":[{"embeddable":true,"href":"https:\/\/www.caririemacao.com\/1\/wp-json\/wp\/v2\/users\/2"}],"replies":[{"embeddable":true,"href":"https:\/\/www.caririemacao.com\/1\/wp-json\/wp\/v2\/comments?post=158310"}],"version-history":[{"count":1,"href":"https:\/\/www.caririemacao.com\/1\/wp-json\/wp\/v2\/posts\/158310\/revisions"}],"predecessor-version":[{"id":158311,"href":"https:\/\/www.caririemacao.com\/1\/wp-json\/wp\/v2\/posts\/158310\/revisions\/158311"}],"wp:featuredmedia":[{"embeddable":true,"href":"https:\/\/www.caririemacao.com\/1\/wp-json\/wp\/v2\/media\/154513"}],"wp:attachment":[{"href":"https:\/\/www.caririemacao.com\/1\/wp-json\/wp\/v2\/media?parent=158310"}],"wp:term":[{"taxonomy":"category","embeddable":true,"href":"https:\/\/www.caririemacao.com\/1\/wp-json\/wp\/v2\/categories?post=158310"},{"taxonomy":"post_tag","embeddable":true,"href":"https:\/\/www.caririemacao.com\/1\/wp-json\/wp\/v2\/tags?post=158310"}],"curies":[{"name":"wp","href":"https:\/\/api.w.org\/{rel}","templated":true}]}}