{"id":158318,"date":"2020-03-17T07:24:38","date_gmt":"2020-03-17T10:24:38","guid":{"rendered":"http:\/\/www.caririemacao.com\/1\/?p=158318"},"modified":"2020-03-17T07:24:40","modified_gmt":"2020-03-17T10:24:40","slug":"festival-de-cultura-do-cariri-registra-recorde-de-publico-em-noite-de-grandes-atracoes","status":"publish","type":"post","link":"https:\/\/www.caririemacao.com\/1\/2020\/03\/17\/festival-de-cultura-do-cariri-registra-recorde-de-publico-em-noite-de-grandes-atracoes\/","title":{"rendered":"Festival de Cultura do Cariri registra recorde de p\u00fablico em noite de grandes atra\u00e7\u00f5es"},"content":{"rendered":"\n<figure><iframe width=\"320\" height=\"50\"><\/iframe><\/figure>\n\n\n\n<p>O XI Festival de Cultura Popular Zab\u00e9 da Loca neste ano de 2020 destacou-se diante de uma grande programa\u00e7\u00e3o e o maior n\u00famero de pessoas prestigiando a grande homenageada Adma Andrade.<\/p>\n\n\n\n<p>A programa\u00e7\u00e3o teve in\u00edcio em suas atividades com as oficinas de p\u00edfano j\u00e1 na manh\u00e3 da \u00faltima quinta-feira na comunidade de Santa Catarina com os alunos das redes Estadual e Municipal, garantindo a sobreviv\u00eancia da cultura deste instrumento que tem por maior \u00edcone a saudosa Zab\u00e9 da Loca, que nomeia o Festival.<\/p>\n\n\n\n<p>Na sexta-feira, 13, nem mesmo o clima chuvoso tirou o brilho da grande noite que teve em seu palco, na Pra\u00e7a Jo\u00e3o Pessoa, nomes como Pife Perfumado e Xote Universit\u00e1rio que aqueceram os monteirenses com um forr\u00f3 da melhor qualidade passeando entre um repert\u00f3rio atual e o bom e velho forr\u00f3 das antigas.<\/p>\n\n\n\n<p>Encerrando a noite a banda Lim\u00e3o com Mel participou e prestigiou a homenagem a Adma Andrade feita pela prefeitura de Monteiro atrav\u00e9s da Secretaria de Cultura e Turismo que a cada ano presta reverencia \u00e0s personalidades da terra ligadas \u00e0 cultura.<\/p>\n\n\n\n<figure class=\"wp-block-image\"><img decoding=\"async\" data-src=\"http:\/\/www.blogdobrunolira.com.br\/wp-content\/uploads\/2020\/03\/Festival-de-Cultura-do-Cariri-registra-recorde-de-p%C3%BAblico-em-noite-de-grandes-atra%C3%A7%C3%B5es-7-1.jpeg\" alt=\"\" class=\"wp-image-20455 lazyload\" src=\"data:image\/svg+xml;base64,PHN2ZyB3aWR0aD0iMSIgaGVpZ2h0PSIxIiB4bWxucz0iaHR0cDovL3d3dy53My5vcmcvMjAwMC9zdmciPjwvc3ZnPg==\" \/><\/figure>\n\n\n\n<p>Adma Andrade recebeu das m\u00e3os da prefeita Anna Lorena uma placa com a comenda e emocionada falou em entrevista sobre a satisfa\u00e7\u00e3o em receber a homenagem \u201cEstou feliz em ser reconhecida e homenageada na minha amada terra. Aqui dei meus primeiros passos no ch\u00e3o e na carreira, aqui tenho fam\u00edlia e amigos, aqui \u00e9 o meu lar. Meu orgulho \u00e9 imenso, agrade\u00e7o \u00e0 prefeita Anna Lorena e a secret\u00e1ria de Cultura, Christiane Leal, por tudo isso\u201d.<\/p>\n\n\n\n<p>J\u00e1 a prefeita Anna Lorena destacou a hist\u00f3ria de Adma, que mesmo crescendo na carreira nunca abandonou sua terra e em todos os lugares faz quest\u00e3o de frisar o amor por Monteiro. \u201cPrecisamos reconhecer, e n\u00e3o h\u00e1 melhor maneira de evidenciar os nossos talentos que em um Festival que carrega o nome da nossa eterna Zab\u00e9 da Loca. Tenho certeza que todos aqui est\u00e3o com os cora\u00e7\u00f5es aquecidos e compartilham conosco o mesmo sentimento. Agradecemos a cada um que aqui est\u00e1 e que faz desta a maior e melhor edi\u00e7\u00e3o do Festival de Cultura Popular Zab\u00e9 da Loca\u201d.<\/p>\n\n\n\n<p>No s\u00e1bado pela manh\u00e3 o Cultura na Feira proporcionou aos comerciantes e populares um momento de descontra\u00e7\u00e3o com os causos do Beato Vicente, a irrever\u00eancia&nbsp;dos emboladores \u2013 Caboclo e Sabi\u00e1 que se apresentaram pela segunda vez no munic\u00edpio sendo sempre ovacionados. Outras atra\u00e7\u00f5es do evento matutino foram&nbsp;Vit\u00f3ria do Pife (PE) que junto com&nbsp;Pife Perfumado,&nbsp;Jo\u00e3o de Am\u00e9lia e&nbsp;Dud\u00e9 proporcionaram brincadeiras e cirandas, colocando o p\u00fablico ainda mais perto do evento.ASCOM<\/p>\n","protected":false},"excerpt":{"rendered":"<p>O XI Festival de Cultura Popular Zab\u00e9 da Loca neste ano de 2020 destacou-se diante de uma grande programa\u00e7\u00e3o e o maior n\u00famero de pessoas&hellip; <\/p>\n","protected":false},"author":2,"featured_media":158319,"comment_status":"closed","ping_status":"closed","sticky":false,"template":"","format":"standard","meta":{"sfsi_plus_gutenberg_text_before_share":"","sfsi_plus_gutenberg_show_text_before_share":"","sfsi_plus_gutenberg_icon_type":"","sfsi_plus_gutenberg_icon_alignemt":"","sfsi_plus_gutenburg_max_per_row":"","footnotes":""},"categories":[2],"tags":[],"class_list":["post-158318","post","type-post","status-publish","format-standard","has-post-thumbnail","hentry","category-geral"],"_links":{"self":[{"href":"https:\/\/www.caririemacao.com\/1\/wp-json\/wp\/v2\/posts\/158318","targetHints":{"allow":["GET"]}}],"collection":[{"href":"https:\/\/www.caririemacao.com\/1\/wp-json\/wp\/v2\/posts"}],"about":[{"href":"https:\/\/www.caririemacao.com\/1\/wp-json\/wp\/v2\/types\/post"}],"author":[{"embeddable":true,"href":"https:\/\/www.caririemacao.com\/1\/wp-json\/wp\/v2\/users\/2"}],"replies":[{"embeddable":true,"href":"https:\/\/www.caririemacao.com\/1\/wp-json\/wp\/v2\/comments?post=158318"}],"version-history":[{"count":1,"href":"https:\/\/www.caririemacao.com\/1\/wp-json\/wp\/v2\/posts\/158318\/revisions"}],"predecessor-version":[{"id":158320,"href":"https:\/\/www.caririemacao.com\/1\/wp-json\/wp\/v2\/posts\/158318\/revisions\/158320"}],"wp:featuredmedia":[{"embeddable":true,"href":"https:\/\/www.caririemacao.com\/1\/wp-json\/wp\/v2\/media\/158319"}],"wp:attachment":[{"href":"https:\/\/www.caririemacao.com\/1\/wp-json\/wp\/v2\/media?parent=158318"}],"wp:term":[{"taxonomy":"category","embeddable":true,"href":"https:\/\/www.caririemacao.com\/1\/wp-json\/wp\/v2\/categories?post=158318"},{"taxonomy":"post_tag","embeddable":true,"href":"https:\/\/www.caririemacao.com\/1\/wp-json\/wp\/v2\/tags?post=158318"}],"curies":[{"name":"wp","href":"https:\/\/api.w.org\/{rel}","templated":true}]}}