{"id":158324,"date":"2020-03-17T07:27:11","date_gmt":"2020-03-17T10:27:11","guid":{"rendered":"http:\/\/www.caririemacao.com\/1\/?p=158324"},"modified":"2020-03-17T07:27:12","modified_gmt":"2020-03-17T10:27:12","slug":"casos-confirmados-do-novo-coronavirus-no-brasil-sobem-para-234","status":"publish","type":"post","link":"https:\/\/www.caririemacao.com\/1\/2020\/03\/17\/casos-confirmados-do-novo-coronavirus-no-brasil-sobem-para-234\/","title":{"rendered":"Casos confirmados do novo coronav\u00edrus no Brasil sobem para 234"},"content":{"rendered":"\n<p>alcan\u00e7aram 234&nbsp;hoje&nbsp;(16), segundo a atualiza\u00e7\u00e3o divulgada pelo Minist\u00e9rio da Sa\u00fade. \u00c9 mais do que o dobro de tr\u00eas dias atr\u00e1s. Na sexta-feira (13), o total passou de 100 pela primeira vez e agora j\u00e1 ultrapassa os 200.&nbsp;Ontem, o balan\u00e7o registrou 200 pessoas infectadas.<\/p>\n\n\n\n<p>S\u00e3o Paulo \u00e9 respons\u00e1vel por mais da metade dos casos (152). Em seguida v\u00eam Rio&nbsp;de Janeiro&nbsp;(31), Distrito Federal (13),&nbsp;Santa Catarina (7), Rio Grande do Sul e&nbsp;Paran\u00e1 (6),&nbsp;Minas Gerais (5), Goi\u00e1s (3), Bahia, Mato Grosso do Sul e Pernambuco (2).&nbsp;Amazonas, Alagoas, Sergipe, Esp\u00edrito Santo e Rio Grande do Norte&nbsp;registram&nbsp;um caso confirmado&nbsp;de coronav\u00edrus (um caso por unidade da Federa\u00e7\u00e3o).<\/p>\n\n\n\n<p>J\u00e1 os casos suspeitos ultrapassaram os 2 mil, chegando a 2.064. S\u00e3o Paulo lidera com 1.177, seguido por Rio Grande do Sul (119), Santa Catarina (109), Distrito Federal (107) e Rio&nbsp;de Janeiro&nbsp;(96).<\/p>\n\n\n\n<p>Os descartados ficaram em 1.624. Ainda n\u00e3o foram notificadas mortes em raz\u00e3o da doen\u00e7a. J\u00e1 n\u00e3o h\u00e1 nenhuma unidade da federa\u00e7\u00e3o sem casos confirmados ou suspeitos, o que existia at\u00e9 semana passada (Roraima e Amap\u00e1).&nbsp;<\/p>\n\n\n\n<p>Desses, mais da metade \u00e9 de casos importados (pessoas que contra\u00edram o v\u00edrus em viagens para fora do Brasil). Outros 34% s\u00e3o situa\u00e7\u00f5es de transmiss\u00e3o local (quando uma pessoa infectada contamina outra na mesma cidade).<\/p>\n\n\n\n<h2 class=\"wp-block-heading\">DF fora da lista<\/h2>\n\n\n\n<p>A transmiss\u00e3o comunit\u00e1ria (quando as autoridades de sa\u00fade n\u00e3o conseguem mais identificar a cadeia de transmiss\u00e3o) ocorre em S\u00e3o Paulo e Rio de Janeiro, com 13 e 8 casos, respectivamente. O Distrito Federal havia informado situa\u00e7\u00f5es como essa, mas conseguiu identificar a origem dos casos como importados e saiu desta lista. Das 234 pessoas infectadas, 18 est\u00e3o internadas.<\/p>\n\n\n\n<h2 class=\"wp-block-heading\">Leitos<\/h2>\n\n\n\n<p>O Minist\u00e9rio da Sa\u00fade anunciou hoje a disponibiliza\u00e7\u00e3o de dois mil novos leitos volantes de Unidades de Tratamento Intensiva (UTIs) por seis meses. Atualmente h\u00e1 55 mil espa\u00e7os deste tipo no pa\u00eds, sendo a metade no Sistema \u00danico de Sa\u00fade e a metade em hospitais particulares. Contudo, a rede p\u00fablica atende 75% da popula\u00e7\u00e3o, enquanto a privada, 25%.<\/p>\n\n\n\n<p>Parte destes leitos ser\u00e1 distribu\u00edda a todos os estados proporcionalmente \u00e0 popula\u00e7\u00e3o. Uma outra parcela ser\u00e1 repassada de acordo com a necessidade. A estimativa \u00e9 sejam investidos R$ 396 milh\u00f5es para contrata\u00e7\u00e3o e R$ 260 milh\u00f5es para manuten\u00e7\u00e3o por seis meses. Os estados entrar\u00e3o com recursos humanos e os espa\u00e7os f\u00edsicos.<\/p>\n\n\n\n<p>\u201cEstamos sugerindo a suspens\u00e3o de procedimentos cir\u00fargicos, o que vai reduzir volume de pessoas. Vamos modificar crit\u00e9rios de ingresso e sa\u00edda de UTI. Quanto aos privados, vamos regular esses leitos. Queremos saber qual \u00e9 a ocupa\u00e7\u00e3o, quem tem leito ocioso e se for necess\u00e1rio vamos requisitar leitos privados para atendimento \u00e0 popula\u00e7\u00e3o brasileira\u201d, informou o secret\u00e1rio executivo da pasta, Jo\u00e3o Gabbardo dos Reis.<\/p>\n\n\n\n<p>A equipe do Minist\u00e9rio anunciou tamb\u00e9m o bloqueio da exporta\u00e7\u00e3o de equipamentos e materiais utilizados em UTIs, como ventiladores, respiradores, monitores, luvas, m\u00e1scaras. O objetivo \u00e9 que esses bens sejam direcionados para atender \u00e0s demandas dos servi\u00e7os de sa\u00fade aqui no Brasil.<\/p>\n\n\n\n<h2 class=\"wp-block-heading\">Testes<\/h2>\n\n\n\n<p>Durante a entrevista coletiva de atualiza\u00e7\u00e3o, a equipe do minist\u00e9rio foi questionada sobre as recomenda\u00e7\u00f5es apresentadas pela Organiza\u00e7\u00e3o Mundial de Sa\u00fade (OMS) de fortalecer os testes. Os representantes do minist\u00e9rio reafirmaram que nos estados com casos importados e transmiss\u00e3o local, os testes est\u00e3o sendo feitos em pessoas com sintomas, v\u00ednculo epidemiol\u00f3gico com a doen\u00e7a e que tenham viajado. Por enquanto, onde h\u00e1 transmiss\u00e3o comunit\u00e1ria, a prioridade \u00e9 dada a paciente em estado grave.<\/p>\n\n\n\n<p>Entretanto, os gestores acrescentaram que a pasta estuda a possibilidade de comprar testes r\u00e1pidos. \u201c\u00c9 poss\u00edvel que o MS fa\u00e7a uma aquisi\u00e7\u00e3o e importa\u00e7\u00e3o de testes r\u00e1pidos, que n\u00e3o dependem de envio de material para laborat\u00f3rios. Isso est\u00e1 em fase de discuss\u00e3o\u201d, comentou o secret\u00e1rio executivo.<\/p>\n\n\n\n<h2 class=\"wp-block-heading\">Mais M\u00e9dicos<\/h2>\n\n\n\n<p>Os secret\u00e1rios da Sa\u00fade comentaram tamb\u00e9m a contrata\u00e7\u00e3o de 5,1 mil m\u00e9dicos dentro do programa Mais M\u00e9dicos. O governo ir\u00e1 permitir a entrada no programa de cubanos que tenham atuado no momento anterior \u00e0 ruptura da coopera\u00e7\u00e3o existente na transi\u00e7\u00e3o para o governo Bolsonaro. A sele\u00e7\u00e3o come\u00e7ar\u00e1 com profissionais brasileiros com registro no conselho da categoria ou com diploma revalidado. At\u00e9 hoje, 4,4 mil m\u00e9dicos j\u00e1 haviam se inscrito no edital.<\/p>\n\n\n\n<p>Caso as vagas n\u00e3o sejam preenchidas, os m\u00e9dicos cubanos poder\u00e3o ser convidados, em uma sele\u00e7\u00e3o espec\u00edfica e desde que cumpram algumas exig\u00eancias, como terem sido naturalizados, terem pedido de ref\u00fagio ou que tenham solicitado resid\u00eancia no pa\u00eds.<\/p>\n\n\n\n<p>Al\u00e9m disso, poder\u00e1 haver convoca\u00e7\u00f5es espec\u00edficas para estudantes do \u00faltimo ano de cursos da sa\u00fade para desempenhar atividades acess\u00f3rias, bem como de m\u00e9dicos volunt\u00e1rios que poder\u00e3o contribuir com as a\u00e7\u00f5es de assist\u00eancia.<\/p>\n\n\n\n<h2 class=\"wp-block-heading\">Assista como foi a transmiss\u00e3o na \u00edntegra:<\/h2>\n\n\n\n<figure><iframe allowfullscreen=\"true\" height=\"407\" data-src=\"https:\/\/www.facebook.com\/plugins\/video.php?href=https%3A%2F%2Fwww.facebook.com%2Fminsaude%2Fvideos%2F209749133714027%2F&amp;show_text=1&amp;width=560\" width=\"560\" src=\"data:image\/svg+xml;base64,PHN2ZyB3aWR0aD0iMSIgaGVpZ2h0PSIxIiB4bWxucz0iaHR0cDovL3d3dy53My5vcmcvMjAwMC9zdmciPjwvc3ZnPg==\" class=\"lazyload\" data-load-mode=\"1\"><\/iframe><\/figure>\n","protected":false},"excerpt":{"rendered":"<p>alcan\u00e7aram 234&nbsp;hoje&nbsp;(16), segundo a atualiza\u00e7\u00e3o divulgada pelo Minist\u00e9rio da Sa\u00fade. \u00c9 mais do que o dobro de tr\u00eas dias atr\u00e1s. Na sexta-feira (13), o total&hellip; <\/p>\n","protected":false},"author":2,"featured_media":158325,"comment_status":"closed","ping_status":"closed","sticky":false,"template":"","format":"standard","meta":{"sfsi_plus_gutenberg_text_before_share":"","sfsi_plus_gutenberg_show_text_before_share":"","sfsi_plus_gutenberg_icon_type":"","sfsi_plus_gutenberg_icon_alignemt":"","sfsi_plus_gutenburg_max_per_row":"","footnotes":""},"categories":[16],"tags":[],"class_list":["post-158324","post","type-post","status-publish","format-standard","has-post-thumbnail","hentry","category-saude"],"_links":{"self":[{"href":"https:\/\/www.caririemacao.com\/1\/wp-json\/wp\/v2\/posts\/158324","targetHints":{"allow":["GET"]}}],"collection":[{"href":"https:\/\/www.caririemacao.com\/1\/wp-json\/wp\/v2\/posts"}],"about":[{"href":"https:\/\/www.caririemacao.com\/1\/wp-json\/wp\/v2\/types\/post"}],"author":[{"embeddable":true,"href":"https:\/\/www.caririemacao.com\/1\/wp-json\/wp\/v2\/users\/2"}],"replies":[{"embeddable":true,"href":"https:\/\/www.caririemacao.com\/1\/wp-json\/wp\/v2\/comments?post=158324"}],"version-history":[{"count":1,"href":"https:\/\/www.caririemacao.com\/1\/wp-json\/wp\/v2\/posts\/158324\/revisions"}],"predecessor-version":[{"id":158326,"href":"https:\/\/www.caririemacao.com\/1\/wp-json\/wp\/v2\/posts\/158324\/revisions\/158326"}],"wp:featuredmedia":[{"embeddable":true,"href":"https:\/\/www.caririemacao.com\/1\/wp-json\/wp\/v2\/media\/158325"}],"wp:attachment":[{"href":"https:\/\/www.caririemacao.com\/1\/wp-json\/wp\/v2\/media?parent=158324"}],"wp:term":[{"taxonomy":"category","embeddable":true,"href":"https:\/\/www.caririemacao.com\/1\/wp-json\/wp\/v2\/categories?post=158324"},{"taxonomy":"post_tag","embeddable":true,"href":"https:\/\/www.caririemacao.com\/1\/wp-json\/wp\/v2\/tags?post=158324"}],"curies":[{"name":"wp","href":"https:\/\/api.w.org\/{rel}","templated":true}]}}