{"id":158328,"date":"2020-03-17T07:28:36","date_gmt":"2020-03-17T10:28:36","guid":{"rendered":"http:\/\/www.caririemacao.com\/1\/?p=158328"},"modified":"2020-03-17T07:28:38","modified_gmt":"2020-03-17T10:28:38","slug":"pelo-menos-cinco-medidas-emergenciais-dependem-do-congresso","status":"publish","type":"post","link":"https:\/\/www.caririemacao.com\/1\/2020\/03\/17\/pelo-menos-cinco-medidas-emergenciais-dependem-do-congresso\/","title":{"rendered":"Pelo menos cinco medidas emergenciais dependem do Congresso"},"content":{"rendered":"\n<p>Pelo menos cinco medidas anunciadas hoje (16) para conter o coronav\u00edrus e reduzir o impacto da Covid-19 sobre a economia dependem de aprova\u00e7\u00e3o do Congresso Nacional. Ao todo, essas a\u00e7\u00f5es englobam R$ 61,3 bilh\u00f5es do total de&nbsp;<a href=\"https:\/\/agenciabrasil.ebc.com.br\/economia\/noticia\/2020-03\/guedes-anuncia-R147bi-em-medidas-emergenciais-contra-coronavirus\" target=\"_blank\" rel=\"noreferrer noopener\">R$ 147,3 bilh\u00f5es do pacote emergencial.<\/a><\/p>\n\n\n\n<p>O adiamento por tr\u00eas meses do prazo de pagamento das contribui\u00e7\u00f5es dos empres\u00e1rios ao Fundo de Garantia do Tempo de Servi\u00e7o (FGTS), que envolve R$ 30 bilh\u00f5es, exigir\u00e1 projeto de lei ou medida provis\u00f3ria, assim como a transfer\u00eancia de R$ 21,5 bilh\u00f5es do saldo n\u00e3o sacado dos Programas de Integra\u00e7\u00e3o Social e de Forma\u00e7\u00e3o do Patrim\u00f4nio do Servidor P\u00fablico (PIS\/Pasep) para o FGTS.<\/p>\n\n\n\n<p>A destina\u00e7\u00e3o de recursos para incluir mais de 1 milh\u00e3o de pessoas no Bolsa Fam\u00edlia, que consumir\u00e1 R$ 3,1 bilh\u00f5es, exige um projeto de lei a ser debatido pela Comiss\u00e3o Mista de Or\u00e7amento (CMO) e que precisa ser aprovado em sess\u00e3o conjunta do Congresso, por envolver mudan\u00e7as no Or\u00e7amento.<\/p>\n\n\n\n<p>Tamb\u00e9m exigem projeto de lei a destina\u00e7\u00e3o de R$ 4,5 bilh\u00f5es do saldo do seguro obrigat\u00f3rio (DPVAT) para o Sistema \u00danico de Sa\u00fade (SUS) e a redu\u00e7\u00e3o pela metade nas contribui\u00e7\u00f5es ao Sistema S por tr\u00eas meses, que liberar\u00e1 R$ 2,2 bilh\u00f5es na economia.<\/p>\n\n\n\n<h2 class=\"wp-block-heading\">Atos internos<\/h2>\n\n\n\n<p>A equipe econ\u00f4mica n\u00e3o soube informar se a simplifica\u00e7\u00e3o das exig\u00eancias e de documenta\u00e7\u00e3o para a renegocia\u00e7\u00e3o de cr\u00e9dito necessita de projeto de lei. As demais medidas exigem atos internos do Poder Executivo.<\/p>\n\n\n\n<p>A antecipa\u00e7\u00e3o da segunda parcela do d\u00e9cimo terceiro de aposentados e pensionistas do Instituto Nacional de Seguro Social (INSS), que liberar\u00e1 R$ 30 bilh\u00f5es em maio, e a antecipa\u00e7\u00e3o do abono salarial para junho (R$ 12,8 bilh\u00f5es) exigem decreto editado pelo presidente Jair Bolsonaro. As desonera\u00e7\u00f5es tempor\u00e1rias de Imposto sobre Produtos Industrializados (IPI) para produtos ligados ao enfrentamento da pandemia tamb\u00e9m dependem de decreto presidencial.<\/p>\n\n\n\n<p>O adiamento das parcelas do Simples Nacional correspondentes \u00e0 Uni\u00e3o por tr\u00eas meses, que ter\u00e1 impacto de R$ 22,2 bilh\u00f5es, exige resolu\u00e7\u00e3o do Comit\u00ea Gestor do Simples Nacional. O refor\u00e7o de R$ 5 bilh\u00f5es de cr\u00e9dito do Programa de Gera\u00e7\u00e3o de Renda (Proger) depende de decis\u00e3o do Conselho Deliberativo do Fundo de Amparo ao Trabalhador.<\/p>\n\n\n\n<p>A redu\u00e7\u00e3o a zero de al\u00edquotas de importa\u00e7\u00e3o para uso m\u00e9dico-hospitalar at\u00e9 o fim do ano precisa de resolu\u00e7\u00e3o da C\u00e2mara de Com\u00e9rcio Exterior (Camex). Por envolver simplifica\u00e7\u00e3o nas alf\u00e2ndegas, a facilita\u00e7\u00e3o do desembara\u00e7o de insumos e mat\u00e9rias primas industriais exige apenas instru\u00e7\u00e3o normativa da Receita Federal.<\/p>\n","protected":false},"excerpt":{"rendered":"<p>Pelo menos cinco medidas anunciadas hoje (16) para conter o coronav\u00edrus e reduzir o impacto da Covid-19 sobre a economia dependem de aprova\u00e7\u00e3o do Congresso&hellip; <\/p>\n","protected":false},"author":2,"featured_media":158329,"comment_status":"closed","ping_status":"closed","sticky":false,"template":"","format":"standard","meta":{"sfsi_plus_gutenberg_text_before_share":"","sfsi_plus_gutenberg_show_text_before_share":"","sfsi_plus_gutenberg_icon_type":"","sfsi_plus_gutenberg_icon_alignemt":"","sfsi_plus_gutenburg_max_per_row":"","footnotes":""},"categories":[2],"tags":[],"class_list":["post-158328","post","type-post","status-publish","format-standard","has-post-thumbnail","hentry","category-geral"],"_links":{"self":[{"href":"https:\/\/www.caririemacao.com\/1\/wp-json\/wp\/v2\/posts\/158328","targetHints":{"allow":["GET"]}}],"collection":[{"href":"https:\/\/www.caririemacao.com\/1\/wp-json\/wp\/v2\/posts"}],"about":[{"href":"https:\/\/www.caririemacao.com\/1\/wp-json\/wp\/v2\/types\/post"}],"author":[{"embeddable":true,"href":"https:\/\/www.caririemacao.com\/1\/wp-json\/wp\/v2\/users\/2"}],"replies":[{"embeddable":true,"href":"https:\/\/www.caririemacao.com\/1\/wp-json\/wp\/v2\/comments?post=158328"}],"version-history":[{"count":1,"href":"https:\/\/www.caririemacao.com\/1\/wp-json\/wp\/v2\/posts\/158328\/revisions"}],"predecessor-version":[{"id":158330,"href":"https:\/\/www.caririemacao.com\/1\/wp-json\/wp\/v2\/posts\/158328\/revisions\/158330"}],"wp:featuredmedia":[{"embeddable":true,"href":"https:\/\/www.caririemacao.com\/1\/wp-json\/wp\/v2\/media\/158329"}],"wp:attachment":[{"href":"https:\/\/www.caririemacao.com\/1\/wp-json\/wp\/v2\/media?parent=158328"}],"wp:term":[{"taxonomy":"category","embeddable":true,"href":"https:\/\/www.caririemacao.com\/1\/wp-json\/wp\/v2\/categories?post=158328"},{"taxonomy":"post_tag","embeddable":true,"href":"https:\/\/www.caririemacao.com\/1\/wp-json\/wp\/v2\/tags?post=158328"}],"curies":[{"name":"wp","href":"https:\/\/api.w.org\/{rel}","templated":true}]}}