{"id":158338,"date":"2020-03-17T07:52:18","date_gmt":"2020-03-17T10:52:18","guid":{"rendered":"http:\/\/www.caririemacao.com\/1\/?p=158338"},"modified":"2020-03-17T07:52:20","modified_gmt":"2020-03-17T10:52:20","slug":"presidentes-do-stf-do-senado-e-da-camara-se-reunem-para-marcar-contraponto-a-bolsonaro","status":"publish","type":"post","link":"https:\/\/www.caririemacao.com\/1\/2020\/03\/17\/presidentes-do-stf-do-senado-e-da-camara-se-reunem-para-marcar-contraponto-a-bolsonaro\/","title":{"rendered":"Presidentes do STF, do Senado e da C\u00e2mara se re\u00fanem para marcar contraponto a Bolsonaro"},"content":{"rendered":"\n<p>Depois que o presidente Jair Bolsonaro decidiu participar das manifesta\u00e7\u00f5es que tiveram o Congresso e o Supremo Tribunal Federal (STF) como alvos, os chefes do Legislativo e do Judici\u00e1rio se reuniram na tarde desta segunda-feira para debater a crise do novo coronav\u00edrus com o objetivo de dar um recado ao mandat\u00e1rio do Pal\u00e1cio do Planalto.&nbsp;<\/p>\n\n\n\n<p>Os presidentes do Supremo Tribunal Federal, Dias Toffoli, do Senado, Davi Alcolumbre (DEM-AP), e da C\u00e2mara, Rodrigo Maia (DEM-RJ), costuraram o encontro com o ministro da Sa\u00fade, Luiz Henrique Mandetta, no sal\u00e3o nobre do STF com um objetivo: o de que ele simbolizasse um contraponto ao que foi classificado, nos bastidores, como \u201cato tresloucado\u201d de Bolsonaro.&nbsp;<\/p>\n\n\n\n<p>A reuni\u00e3o foi articulada durante todo o domingo, assim que o presidente da Rep\u00fablica come\u00e7ou a usar suas redes sociais para divulgar os protestos pelo pa\u00eds. Toffoli, que estava no Marrocos, antecipou seu retorno ao Brasil.<\/p>\n\n\n\n<p>Segundo relatos feitos ao GLOBO, o encontro desta segunda foi ganhando import\u00e2ncia no decorrer do dia&nbsp; \u2014 principalmente, quando Bolsonaro rompeu os diversos protocolos recomendados pelo Minist\u00e9rio da Sa\u00fade para prevenir a dissemina\u00e7\u00e3o do novo coronav\u00edrus. E depois ainda disse que n\u00e3o se pode tratar a crise com &#8220;histeria\u201d.<\/p>\n\n\n\n<p>A avalia\u00e7\u00e3o foi a de que, no momento em que o presidente da Rep\u00fablica decide acirrar o clima entre os tr\u00eas Poderes e minimizar a pandemia, Legislativo e Judici\u00e1rio precisariam fazer um gesto \u00e0 sociedade, mostrando que, neste momento, est\u00e3o unidos e preocupados em apresentar solu\u00e7\u00f5es para a crise epidemiol\u00f3gica.<\/p>\n\n\n\n<p>A princ\u00edpio, a reuni\u00e3o que ganhou peso institucional, estava marcada apenas entre o ministro Luiz Fux, do STF, e o da Sa\u00fade, Luiz Henrique Mandetta. O contexto pol\u00edtico \u00e9 que acabou transformando o encontro em uma manifesta\u00e7\u00e3o pol\u00edtica com o intuito de isolar Bolsonaro.<\/p>\n","protected":false},"excerpt":{"rendered":"<p>Depois que o presidente Jair Bolsonaro decidiu participar das manifesta\u00e7\u00f5es que tiveram o Congresso e o Supremo Tribunal Federal (STF) como alvos, os chefes do&hellip; <\/p>\n","protected":false},"author":2,"featured_media":158339,"comment_status":"closed","ping_status":"closed","sticky":false,"template":"","format":"standard","meta":{"sfsi_plus_gutenberg_text_before_share":"","sfsi_plus_gutenberg_show_text_before_share":"","sfsi_plus_gutenberg_icon_type":"","sfsi_plus_gutenberg_icon_alignemt":"","sfsi_plus_gutenburg_max_per_row":"","footnotes":""},"categories":[2],"tags":[],"class_list":["post-158338","post","type-post","status-publish","format-standard","has-post-thumbnail","hentry","category-geral"],"_links":{"self":[{"href":"https:\/\/www.caririemacao.com\/1\/wp-json\/wp\/v2\/posts\/158338","targetHints":{"allow":["GET"]}}],"collection":[{"href":"https:\/\/www.caririemacao.com\/1\/wp-json\/wp\/v2\/posts"}],"about":[{"href":"https:\/\/www.caririemacao.com\/1\/wp-json\/wp\/v2\/types\/post"}],"author":[{"embeddable":true,"href":"https:\/\/www.caririemacao.com\/1\/wp-json\/wp\/v2\/users\/2"}],"replies":[{"embeddable":true,"href":"https:\/\/www.caririemacao.com\/1\/wp-json\/wp\/v2\/comments?post=158338"}],"version-history":[{"count":1,"href":"https:\/\/www.caririemacao.com\/1\/wp-json\/wp\/v2\/posts\/158338\/revisions"}],"predecessor-version":[{"id":158340,"href":"https:\/\/www.caririemacao.com\/1\/wp-json\/wp\/v2\/posts\/158338\/revisions\/158340"}],"wp:featuredmedia":[{"embeddable":true,"href":"https:\/\/www.caririemacao.com\/1\/wp-json\/wp\/v2\/media\/158339"}],"wp:attachment":[{"href":"https:\/\/www.caririemacao.com\/1\/wp-json\/wp\/v2\/media?parent=158338"}],"wp:term":[{"taxonomy":"category","embeddable":true,"href":"https:\/\/www.caririemacao.com\/1\/wp-json\/wp\/v2\/categories?post=158338"},{"taxonomy":"post_tag","embeddable":true,"href":"https:\/\/www.caririemacao.com\/1\/wp-json\/wp\/v2\/tags?post=158338"}],"curies":[{"name":"wp","href":"https:\/\/api.w.org\/{rel}","templated":true}]}}